{"id":10653,"date":"2024-09-15T14:03:00","date_gmt":"2024-09-15T12:03:00","guid":{"rendered":"https:\/\/espattiobrand.com\/unkategorisiert\/pouf-fauteuil-platero\/"},"modified":"2025-02-05T12:07:47","modified_gmt":"2025-02-05T11:07:47","slug":"pouffe-sessel-platero","status":"publish","type":"post","link":"https:\/\/espattiobrand.com\/de\/geschichten\/produkte-und-stile\/pouffe-sessel-platero\/","title":{"rendered":"Platero, der Pouffe-Sessel und der Traum vom S\u00fcden"},"content":{"rendered":"\n<div class=\"wp-block-columns is-layout-flex wp-container-core-columns-is-layout-9d6595d7 wp-block-columns-is-layout-flex\">\n<div class=\"wp-block-column is-vertically-aligned-center is-layout-flow wp-block-column-is-layout-flow\">\n<p>Im September 2024 wurde ein neues Produkt auf den Markt gebracht, <strong>Platero<\/strong>, eine Kombination aus Beistelltisch und klassischem Sitzsack. Es ist eine Symbiose zwischen der Welt des andalusischen Kunsthandwerks der Bildhauer und Maler und den neuen Ideen des zeitgen\u00f6ssischen Innendesigns.<\/p>\n\n\n\n<p>Seine warme Holzstruktur, die Farbenpracht seiner Stoffe, sein Komfort, seine Funktionalit\u00e4t und sein gewagtes Design machen aus diesem Produkt eines mit dem eigenst\u00e4ndigen <strong>Label von<\/strong> <strong>esPattio<\/strong>: <a href=\"https:\/\/espattiobrand.com\/de\/ueber-pattio\/\">Licht, Farbe und W\u00e4rme.<\/a><\/p>\n\n\n\n<p><strong>Pour d\u00e9couvrir tous les d\u00e9tails, <\/strong>les couleurs disponibles, ainsi que l&#8217;histoire de ce design, <strong>rejoignez-nous et plongez au c\u0153ur de cette cr\u00e9ation exceptionnelle&nbsp;!<\/strong><\/p>\n\n\n\n<h2 class=\"wp-block-heading\">Platero und seine Reitinspiration<\/h2>\n\n\n\n<p>Dieses Originalteil hat sich von der <strong>Welt des Pferdes<\/strong> und der l\u00e4ndlichen Traditionen unseres Landes inspirieren lassen. Seine Form, die ein <strong>Schaukelpferd imitiert<\/strong>, ist voller Leben, <strong>Sehnsucht<\/strong> und Originalit\u00e4t in jedem Arbeitsbereich oder Ruheraum, wo auch immer er sich befinden mag. Er ist von Dsignio entworfen worden.<\/p>\n\n\n\n<p>Sein Pferdeprofil sieht solcherma\u00dfen aus, dass, um den gr\u00f6\u00dftm\u00f6glichen Nutzen daraus zu ziehen, das gesamte Team nach Jerez de la Frontera umzog, ganz konkret in die K\u00f6nigliche, Andalusische Schule f\u00fcr Reitsportkunst <a href=\"https:\/\/www.realescuela.org\/\"><strong>Real Escuela Andaluza del Arte Ecuestre<\/strong><\/a>, um die <strong>Doppelseele<\/strong> dieses Sitzplatzes genau kennenzulernen: <strong>das andalusische Pferd.<\/strong><\/p>\n\n\n\n<p>Beim <strong>Foto-Shooting<\/strong> kann man beobachten, wie dieser originelle Sitzsack sich auf perfekte Art und Weise an die Architektur und die Pracht des Palastes anpasst, der der Sitz der Schule ist, indem er <strong>unvergessliche Bilder<\/strong> von Angesicht zu Angesicht mit der Anmut und dem Glanz einiger der besten Exemplare hervorruft, die diese renommierte Schule aufweist.<\/p>\n<\/div>\n\n\n\n<div class=\"wp-block-column is-vertically-aligned-center is-layout-flow wp-block-column-is-layout-flow\">\n<figure class=\"wp-block-image size-full\"><img loading=\"lazy\" decoding=\"async\" width=\"1000\" height=\"667\" src=\"https:\/\/espattiobrand.com\/wp-content\/uploads\/2024\/08\/PLATERO_068.jpg\" alt=\"classic puf seat Platero\" class=\"wp-image-7802\" style=\"aspect-ratio:9\/16;object-fit:cover\" srcset=\"https:\/\/espattiobrand.com\/wp-content\/uploads\/2024\/08\/PLATERO_068.jpg 1000w, https:\/\/espattiobrand.com\/wp-content\/uploads\/2024\/08\/PLATERO_068-300x200.jpg 300w, https:\/\/espattiobrand.com\/wp-content\/uploads\/2024\/08\/PLATERO_068-768x512.jpg 768w\" sizes=\"auto, (max-width: 1000px) 100vw, 1000px\" \/><\/figure>\n<\/div>\n<\/div>\n\n\n    <section class=\"section section--carousel carousel-historia\">\n                        <div class=\"\"><div class=\"border\"><\/div><\/div>\n            <div class=\"slider--carousel--css slider--carousel--css-dev\">\n                <div class=\"wrapper\">\n\n                                         \n                        <div class=\"slide\">\n                                                                                            <div class=\"slide-item\">\n                                    <a href=\"https:\/\/espattiobrand.com\/de\/sammlung\/platero\/\"> <span class=\"txt\">Platero<\/span> <\/a> \n                                <\/div>\n                                <div class=\"slide-item\">\n                                    <a href=\"https:\/\/espattiobrand.com\/de\/sammlung\/platero\/\"> <img decoding=\"async\" class=\"producto\" src=\"https:\/\/espattiobrand.com\/wp-content\/uploads\/2024\/08\/Platero-Producto-Slider.webp\" alt=\"Platero\"> <\/a>\n                                <\/div>\n                                <div class=\"slide-item\">\n                                    <a href=\"https:\/\/espattiobrand.com\/de\/sammlung\/platero\/#configurador\"> <img decoding=\"async\" class=\"config\" src=\"\/images\/ico-btn-configurar-de.svg\" alt=\"Platero\"> <\/a>\n                                <\/div>\n                            \n                        <\/div>\n                     \n                        <div class=\"slide\">\n                                                                                            <div class=\"slide-item\">\n                                    <a href=\"https:\/\/espattiobrand.com\/de\/sammlung\/platero\/\"> <span class=\"txt\">Platero<\/span> <\/a> \n                                <\/div>\n                                <div class=\"slide-item\">\n                                    <a href=\"https:\/\/espattiobrand.com\/de\/sammlung\/platero\/\"> <img decoding=\"async\" class=\"producto\" src=\"https:\/\/espattiobrand.com\/wp-content\/uploads\/2024\/08\/Platero-Producto-Slider.webp\" alt=\"Platero\"> <\/a>\n                                <\/div>\n                                <div class=\"slide-item\">\n                                    <a href=\"https:\/\/espattiobrand.com\/de\/sammlung\/platero\/#configurador\"> <img decoding=\"async\" class=\"config\" src=\"\/images\/ico-btn-configurar-de.svg\" alt=\"Platero\"> <\/a>\n                                <\/div>\n                            \n                        <\/div>\n                                               \n                <\/div>\n            <\/div>\n        <div class=\"\"><div class=\"border\"><\/div><\/div>\n    <\/section>\n\n    \n\n\n\n<h2 class=\"wp-block-heading\"><strong>Das Licht, die Farbe und die W\u00e4rme des Platero<\/strong><\/h2>\n\n\n\n<div class=\"wp-block-columns are-vertically-aligned-center is-layout-flex wp-container-core-columns-is-layout-9d6595d7 wp-block-columns-is-layout-flex\">\n<div class=\"wp-block-column is-vertically-aligned-center is-layout-flow wp-block-column-is-layout-flow\"><div class=\"wp-block-image\">\n<figure class=\"aligncenter size-large\"><a href=\"https:\/\/espattiobrand.com\/de\/sammlung\/platero\/\"><img loading=\"lazy\" decoding=\"async\" width=\"731\" height=\"1024\" src=\"https:\/\/espattiobrand.com\/wp-content\/uploads\/2024\/08\/PLATERO_056-731x1024.jpg\" alt=\"\" class=\"wp-image-7739\" srcset=\"https:\/\/espattiobrand.com\/wp-content\/uploads\/2024\/08\/PLATERO_056-731x1024.jpg 731w, https:\/\/espattiobrand.com\/wp-content\/uploads\/2024\/08\/PLATERO_056-214x300.jpg 214w, https:\/\/espattiobrand.com\/wp-content\/uploads\/2024\/08\/PLATERO_056-768x1075.jpg 768w, https:\/\/espattiobrand.com\/wp-content\/uploads\/2024\/08\/PLATERO_056.jpg 1000w\" sizes=\"auto, (max-width: 731px) 100vw, 731px\" \/><\/a><\/figure><\/div><\/div>\n\n\n\n<div class=\"wp-block-column is-vertically-aligned-center is-layout-flow wp-block-column-is-layout-flow\">\n<p>Obwohl es sich um ein neuartiges Design handelt, weist es alle Eigenschaften auf, die du in den Produkten der Marke vorfinden kannst. Innerhalb seines Designs finden wir drei separate Teile vor: <strong>seine Holzstruktur, seine Stoffe und seinen hinteren Griff.<\/strong><\/p>\n\n\n\n<p><strong>Die Holzstruktur<\/strong> aus <strong>Buchenholz<\/strong>, voller <strong>W\u00e4rme <\/strong>f\u00fcr jede Person, die das Produkt zum ersten Mal sieht. Obwohl sich der gr\u00f6\u00dfte Teil seiner Struktur unter dem Stoff befindet, zeichnet er sich durch sein Unterscheidungsmerkmal aus: <strong>der Beistelltisch<\/strong>. Dieser Tisch ist es, der den Platero mit <strong>Funktionalit\u00e4t<\/strong> ausf\u00fcllt, der als Ablage f\u00fcr einen <strong>Laptop<\/strong>, einen <strong>Tablet-Computer<\/strong>, ein <strong>Heft<\/strong> oder ein <strong>Buch<\/strong> genutzt werden kann, um zu arbeiten oder um die Zeit vertreiben zu k\u00f6nnen, w\u00e4hrend man den Komfort genie\u00dft, den sein Sitzsack-Konzept gew\u00e4hrt.<\/p>\n\n\n\n<p>An den <strong>Stoffen<\/strong> liegt es, wodurch das ganze Potenzial <strong>seiner originellen<\/strong> und <strong>s\u00fcdlichen<\/strong> <a href=\"https:\/\/espattiobrand.com\/wp-content\/uploads\/2022\/05\/esPattio_Colour-inspiration.pdf\"><strong>F<\/strong><\/a><strong>arbpalette <\/strong>hervorgehoben wird. Angefangen bei w\u00e4rmeren T\u00f6nen, wie Gorafe oder Do\u00f1ana, bis zu k\u00e4lteren T\u00f6nen, wie Atlantik oder Maceta (Blumentopf). Auf diese Weise bieten sich <strong>vielfache Optionen der Individualisierung<\/strong> an, um die Pr\u00e4ferenzen an <strong>jedwedes Projekt<\/strong> anzupassen.<\/p>\n\n\n\n<p>Da du bereits \u00fcber ein Produkt verf\u00fcgst, was gedenkst du mit dem Produkt von esPattio zu tun, es stehen dir <a href=\"https:\/\/espattiobrand.com\/wp-content\/uploads\/2021\/11\/esPattio_Finishes-Fabrics-Maintenance.pdf\">die Ausf\u00fchrungen, Polsterungen und Wartungsempfehlungen<\/a> zur Verf\u00fcgung.<\/p>\n\n\n\n<p>Falls du seine Abmessungen und sonstigen technischen Eigenschaften kennenlernen m\u00f6chtest, <a href=\"https:\/\/espattiobrand.com\/wp-content\/uploads\/2024\/08\/PLATERO_CCTT_ESPATTIO-ESP.pdf\">klicke hier<\/a>.<\/p>\n\n\n\n<p>Sein <strong>Griff auf der R\u00fcckseite<\/strong> ist ein <strong>optionales<\/strong> Element zum Standard-Design, das bedeutet, dass das Produkt mit oder ohne Griff ausgestattet ist. Dieser Griff, hergestellt aus <strong>Leder aus der Stadt Ubrique,<\/strong> erleichtert die <strong>Mobilit\u00e4t<\/strong> des Produktes, indem sich in ein <strong>tragbares<\/strong> Design f\u00fcr das ganze B\u00fcro verwandelt und dabei die Bereiche der flie\u00dfenden Arbeit beg\u00fcnstigt.<\/p>\n<\/div>\n<\/div>\n\n\n\n<div style=\"height:20px\" aria-hidden=\"true\" class=\"wp-block-spacer\"><\/div>\n\n\n\n<figure class=\"wp-block-video aligncenter\"><video controls src=\"https:\/\/espattiobrand.com\/wp-content\/uploads\/2024\/09\/Platero.mp4\"><\/video><\/figure>\n\n\n\n<div style=\"height:20px\" aria-hidden=\"true\" class=\"wp-block-spacer\"><\/div>\n\n\n\n<div class=\"wp-block-columns is-layout-flex wp-container-core-columns-is-layout-9d6595d7 wp-block-columns-is-layout-flex\">\n<div class=\"wp-block-column is-layout-flow wp-block-column-is-layout-flow\">\n<h3 class=\"wp-block-heading\"><strong>Ein Design, das sich an jeden Bereich anpasst<\/strong><\/h3>\n\n\n\n<p>Wie du bereits kennengelernt hast, ist esPattio eine Marke, die sich auf soft<em> seating<\/em> spezialisiert hat und Produkte anbietet, die die klassische B\u00fcroform verlassen, wobei Platero keine Ausnahme ist. Sein farbenfrohes und originelles Design versucht einen <strong>Hauch von Moderne in die Arbeitsbereiche<\/strong> oder sonstige Bereiche zu bringen.<\/p>\n\n\n\n<p>Seine Vielf\u00e4ltigkeit macht ihn <strong>funktional in einem B\u00fcro<\/strong>, dient so als Hilfe bei <strong>kurzfristig anberaumten Meetings<\/strong> oder als Teil eines kreativen <strong><em>coworking<\/em><\/strong>, in Ruher\u00e4umen, wie zum Beispiel in einem <strong>Wartezimmer<\/strong> oder in der Rezeption eines <strong>Hotels<\/strong> oder in Bereichen des Zusammenlebens, wie zum Beispiel in einem Innenhof oder in einem <strong>modernen Caf\u00e9.<\/strong><\/p>\n\n\n\n<p>Au\u00dferdem bietet Platero nicht nur einfache und klare Funktionalit\u00e4t an, sondern bringt das Design auf den Punkt, dass er nur als dekoratives Element <strong>einen<\/strong> <strong>wichtigen Wert f\u00fcr jeden Bereich<\/strong> leistet, den man mit einer anderen Note einrichten m\u00f6chte \u2013 farbenfroh und modern.<\/p>\n\n\n\n<h3 class=\"wp-block-heading\">Entdecke und individualisiere Platero<\/h3>\n\n\n\n<p><strong>Wolltest du mehr erfahren?<\/strong> Mach dir keine Gedanken, du kannst \u00fcber [<a href=\"https:\/\/espattiobrand.com\/de\/sammlung\/platero\/\">dieses Produkt <\/a>] und kannst mehr Einzelheiten \u00fcber seine Stoffe und Ausf\u00fchrungen erfahren unter\u00a0<\/p>\n\n\n\n<p>Hier zeigen wir dir eine Galerie an Bildern vom Foto-Shooting. Falls du die gesamte Galerie herunterladen m\u00f6chtest |klicke <a href=\"https:\/\/espattiobrand.com\/wp-content\/uploads\/2024\/09\/Platero_Images.zip\">hier<\/a>|.<\/p>\n<\/div>\n\n\n\n<div class=\"wp-block-column is-layout-flow wp-block-column-is-layout-flow\"><div class=\"wp-block-image\">\n<figure class=\"aligncenter size-full\"><a href=\"ttps:\/\/espattiobrand.com\/coleccion\/platero\/\"><img loading=\"lazy\" decoding=\"async\" width=\"1000\" height=\"667\" src=\"https:\/\/espattiobrand.com\/wp-content\/uploads\/2024\/08\/PLATERO_025-1.jpg\" alt=\"\" class=\"wp-image-7766\" style=\"aspect-ratio:2\/3;object-fit:cover\" srcset=\"https:\/\/espattiobrand.com\/wp-content\/uploads\/2024\/08\/PLATERO_025-1.jpg 1000w, https:\/\/espattiobrand.com\/wp-content\/uploads\/2024\/08\/PLATERO_025-1-300x200.jpg 300w, https:\/\/espattiobrand.com\/wp-content\/uploads\/2024\/08\/PLATERO_025-1-768x512.jpg 768w\" sizes=\"auto, (max-width: 1000px) 100vw, 1000px\" \/><\/a><\/figure><\/div><\/div>\n<\/div>\n\n\n\n<figure class=\"wp-block-gallery has-nested-images columns-default is-cropped wp-block-gallery-1 is-layout-flex wp-block-gallery-is-layout-flex\">\n<figure class=\"wp-block-image size-large\"><img loading=\"lazy\" decoding=\"async\" width=\"1000\" height=\"667\" data-id=\"7790\" src=\"https:\/\/espattiobrand.com\/wp-content\/uploads\/2024\/08\/PLATERO_058.jpg\" alt=\"\" class=\"wp-image-7790\" srcset=\"https:\/\/espattiobrand.com\/wp-content\/uploads\/2024\/08\/PLATERO_058.jpg 1000w, https:\/\/espattiobrand.com\/wp-content\/uploads\/2024\/08\/PLATERO_058-300x200.jpg 300w, https:\/\/espattiobrand.com\/wp-content\/uploads\/2024\/08\/PLATERO_058-768x512.jpg 768w\" sizes=\"auto, (max-width: 1000px) 100vw, 1000px\" \/><\/figure>\n\n\n\n<figure class=\"wp-block-image size-large\"><img loading=\"lazy\" decoding=\"async\" width=\"1000\" height=\"667\" data-id=\"7782\" src=\"https:\/\/espattiobrand.com\/wp-content\/uploads\/2024\/08\/PLATERO_044-1.jpg\" alt=\"classic puf seat Platero\" class=\"wp-image-7782\" srcset=\"https:\/\/espattiobrand.com\/wp-content\/uploads\/2024\/08\/PLATERO_044-1.jpg 1000w, https:\/\/espattiobrand.com\/wp-content\/uploads\/2024\/08\/PLATERO_044-1-300x200.jpg 300w, https:\/\/espattiobrand.com\/wp-content\/uploads\/2024\/08\/PLATERO_044-1-768x512.jpg 768w\" sizes=\"auto, (max-width: 1000px) 100vw, 1000px\" \/><\/figure>\n\n\n\n<figure class=\"wp-block-image size-large\"><img loading=\"lazy\" decoding=\"async\" width=\"1000\" height=\"667\" data-id=\"7770\" src=\"https:\/\/espattiobrand.com\/wp-content\/uploads\/2024\/08\/PLATERO_028.jpg\" alt=\"classic puf seat Platero\" class=\"wp-image-7770\" srcset=\"https:\/\/espattiobrand.com\/wp-content\/uploads\/2024\/08\/PLATERO_028.jpg 1000w, https:\/\/espattiobrand.com\/wp-content\/uploads\/2024\/08\/PLATERO_028-300x200.jpg 300w, https:\/\/espattiobrand.com\/wp-content\/uploads\/2024\/08\/PLATERO_028-768x512.jpg 768w\" sizes=\"auto, (max-width: 1000px) 100vw, 1000px\" \/><\/figure>\n<\/figure>\n\n\n\n<p>Es versteht sich von selbst, dass, falls du diesen oder einen anderen Artikel der Marke erh\u00e4ltst, du nicht vergisst, das Ergebnis deiner Projekte zu teilen und in den sozialen Medien zu teilen und uns dar\u00fcber zu informieren.<\/p>\n\n\n\n<p>Wir freuen uns, deine Desighns zu sehen!<\/p>\n\n\n\n<p>M\u00f6chtest du mehr dar\u00fcber erfahren, wer die Entwickler hinter Platero sind? Im <strong>folgenden Artikel des Blog <\/strong>erz\u00e4hlen wir dir mehr \u00fcber ihn. Komm und wirf einen Blick darauf!<\/p>\n\n\n\n<p>Selbstverst\u00e4ndlich, falls du auf dem neuesten Stand sein m\u00f6chtest, was in der Fabrik zubereitet wird, Events, an denen wir teilnehmen und viele weitere Informationen, vergiss nicht, uns auf <a href=\"https:\/\/www.instagram.com\/weareespattio\/\">Instagram<\/a> und <a href=\"https:\/\/es.pinterest.com\/espattio\/\">Pinterest<\/a> zu folgen.<\/p>\n\n\n\n<div style=\"height:20px\" aria-hidden=\"true\" class=\"wp-block-spacer\"><\/div>\n\n\n<div class=\"wp-block-image\">\n<figure class=\"aligncenter size-full\"><img loading=\"lazy\" decoding=\"async\" width=\"1300\" height=\"550\" src=\"https:\/\/espattiobrand.com\/wp-content\/uploads\/2024\/09\/Kontakt-Mobel-Projekte.webp\" alt=\"Kontakt Mo\u0308bel Projekte\" class=\"wp-image-10602\" srcset=\"https:\/\/espattiobrand.com\/wp-content\/uploads\/2024\/09\/Kontakt-Mobel-Projekte.webp 1300w, https:\/\/espattiobrand.com\/wp-content\/uploads\/2024\/09\/Kontakt-Mobel-Projekte-300x127.webp 300w, https:\/\/espattiobrand.com\/wp-content\/uploads\/2024\/09\/Kontakt-Mobel-Projekte-1024x433.webp 1024w, https:\/\/espattiobrand.com\/wp-content\/uploads\/2024\/09\/Kontakt-Mobel-Projekte-768x325.webp 768w\" sizes=\"auto, (max-width: 1300px) 100vw, 1300px\" \/><\/figure><\/div>","protected":false},"excerpt":{"rendered":"<p>Im September 2024 wurde ein neues Produkt auf den Markt gebracht, Platero, eine Kombination aus Beistelltisch und klassischem Sitzsack. Es ist eine Symbiose zwischen der Welt des andalusischen Kunsthandwerks der Bildhauer und Maler und den neuen Ideen des zeitgen\u00f6ssischen Innendesigns. Seine warme Holzstruktur, die Farbenpracht seiner Stoffe, sein Komfort, seine Funktionalit\u00e4t und sein gewagtes Design [&hellip;]<\/p>\n","protected":false},"author":2,"featured_media":7797,"comment_status":"closed","ping_status":"closed","sticky":false,"template":"","format":"standard","meta":{"_acf_changed":false,"footnotes":""},"categories":[83,84],"tags":[112,113,135,114,87,115,136],"class_list":["post-10653","post","type-post","status-publish","format-standard","has-post-thumbnail","hentry","category-geschichten","category-produkte-und-stile","tag-andalucia-de","tag-lancement-de","tag-lanzamiento-de","tag-pouf-de","tag-soft-sitting-de","tag-sud-de","tag-sur-de"],"acf":[],"yoast_head":"<!-- This site is optimized with the Yoast SEO plugin v25.3 - https:\/\/yoast.com\/wordpress\/plugins\/seo\/ -->\n<title>Platero, der Pouffe-Sessel und der Traum vom S\u00fcden - esPattio<\/title>\n<meta name=\"description\" content=\"esPattio pr\u00e4sentiert den Sitzsack Platero mit Tisch, inspiriert von der Reitschule in Jerez. \u00dcberzeugen Sie sich selbst von diesem neuen Produkt!\" \/>\n<meta name=\"robots\" content=\"index, follow, max-snippet:-1, max-image-preview:large, max-video-preview:-1\" \/>\n<link rel=\"canonical\" href=\"https:\/\/espattiobrand.com\/de\/geschichten\/produkte-und-stile\/pouffe-sessel-platero\/\" \/>\n<meta property=\"og:locale\" content=\"de_DE\" \/>\n<meta property=\"og:type\" content=\"article\" \/>\n<meta property=\"og:title\" content=\"Platero, der Pouffe-Sessel und der Traum vom S\u00fcden - esPattio\" \/>\n<meta property=\"og:description\" content=\"esPattio pr\u00e4sentiert den Sitzsack Platero mit Tisch, inspiriert von der Reitschule in Jerez. \u00dcberzeugen Sie sich selbst von diesem neuen Produkt!\" \/>\n<meta property=\"og:url\" content=\"https:\/\/espattiobrand.com\/de\/geschichten\/produkte-und-stile\/pouffe-sessel-platero\/\" \/>\n<meta property=\"og:site_name\" content=\"esPattio\" \/>\n<meta property=\"article:published_time\" content=\"2024-09-15T12:03:00+00:00\" \/>\n<meta property=\"article:modified_time\" content=\"2025-02-05T11:07:47+00:00\" \/>\n<meta property=\"og:image\" content=\"https:\/\/espattiobrand.com\/wp-content\/uploads\/2024\/08\/PLATERO_063.jpg\" \/>\n\t<meta property=\"og:image:width\" content=\"1000\" \/>\n\t<meta property=\"og:image:height\" content=\"667\" \/>\n\t<meta property=\"og:image:type\" content=\"image\/jpeg\" \/>\n<meta name=\"author\" content=\"esPattio Marketing\" \/>\n<meta name=\"twitter:card\" content=\"summary_large_image\" \/>\n<meta name=\"twitter:label1\" content=\"Verfasst von\" \/>\n\t<meta name=\"twitter:data1\" content=\"esPattio Marketing\" \/>\n\t<meta name=\"twitter:label2\" content=\"Gesch\u00e4tzte Lesezeit\" \/>\n\t<meta name=\"twitter:data2\" content=\"6\u00a0Minuten\" \/>\n<script type=\"application\/ld+json\" class=\"yoast-schema-graph\">{\"@context\":\"https:\/\/schema.org\",\"@graph\":[{\"@type\":\"WebPage\",\"@id\":\"https:\/\/espattiobrand.com\/de\/geschichten\/produkte-und-stile\/pouffe-sessel-platero\/\",\"url\":\"https:\/\/espattiobrand.com\/de\/geschichten\/produkte-und-stile\/pouffe-sessel-platero\/\",\"name\":\"Platero, der Pouffe-Sessel und der Traum vom S\u00fcden - esPattio\",\"isPartOf\":{\"@id\":\"https:\/\/espattiobrand.com\/de\/#website\"},\"primaryImageOfPage\":{\"@id\":\"https:\/\/espattiobrand.com\/de\/geschichten\/produkte-und-stile\/pouffe-sessel-platero\/#primaryimage\"},\"image\":{\"@id\":\"https:\/\/espattiobrand.com\/de\/geschichten\/produkte-und-stile\/pouffe-sessel-platero\/#primaryimage\"},\"thumbnailUrl\":\"https:\/\/espattiobrand.com\/wp-content\/uploads\/2024\/08\/PLATERO_063.jpg\",\"datePublished\":\"2024-09-15T12:03:00+00:00\",\"dateModified\":\"2025-02-05T11:07:47+00:00\",\"author\":{\"@id\":\"https:\/\/espattiobrand.com\/de\/#\/schema\/person\/7708ee8a1f95b2cc235dd82defcab40f\"},\"description\":\"esPattio pr\u00e4sentiert den Sitzsack Platero mit Tisch, inspiriert von der Reitschule in Jerez. \u00dcberzeugen Sie sich selbst von diesem neuen Produkt!\",\"breadcrumb\":{\"@id\":\"https:\/\/espattiobrand.com\/de\/geschichten\/produkte-und-stile\/pouffe-sessel-platero\/#breadcrumb\"},\"inLanguage\":\"de\",\"potentialAction\":[{\"@type\":\"ReadAction\",\"target\":[\"https:\/\/espattiobrand.com\/de\/geschichten\/produkte-und-stile\/pouffe-sessel-platero\/\"]}]},{\"@type\":\"ImageObject\",\"inLanguage\":\"de\",\"@id\":\"https:\/\/espattiobrand.com\/de\/geschichten\/produkte-und-stile\/pouffe-sessel-platero\/#primaryimage\",\"url\":\"https:\/\/espattiobrand.com\/wp-content\/uploads\/2024\/08\/PLATERO_063.jpg\",\"contentUrl\":\"https:\/\/espattiobrand.com\/wp-content\/uploads\/2024\/08\/PLATERO_063.jpg\",\"width\":1000,\"height\":667,\"caption\":\"Nuevo lanzamiento: Platero, un sue\u00f1o del Sur\"},{\"@type\":\"BreadcrumbList\",\"@id\":\"https:\/\/espattiobrand.com\/de\/geschichten\/produkte-und-stile\/pouffe-sessel-platero\/#breadcrumb\",\"itemListElement\":[{\"@type\":\"ListItem\",\"position\":1,\"name\":\"Portada\",\"item\":\"https:\/\/espattiobrand.com\/de\/\"},{\"@type\":\"ListItem\",\"position\":2,\"name\":\"Platero, der Pouffe-Sessel und der Traum vom S\u00fcden\"}]},{\"@type\":\"WebSite\",\"@id\":\"https:\/\/espattiobrand.com\/de\/#website\",\"url\":\"https:\/\/espattiobrand.com\/de\/\",\"name\":\"esPattio\",\"description\":\"\",\"potentialAction\":[{\"@type\":\"SearchAction\",\"target\":{\"@type\":\"EntryPoint\",\"urlTemplate\":\"https:\/\/espattiobrand.com\/de\/?s={search_term_string}\"},\"query-input\":{\"@type\":\"PropertyValueSpecification\",\"valueRequired\":true,\"valueName\":\"search_term_string\"}}],\"inLanguage\":\"de\"},{\"@type\":\"Person\",\"@id\":\"https:\/\/espattiobrand.com\/de\/#\/schema\/person\/7708ee8a1f95b2cc235dd82defcab40f\",\"name\":\"esPattio Marketing\",\"sameAs\":[\"https:\/\/espattiobrand.com\/\"]}]}<\/script>\n<!-- \/ Yoast SEO plugin. -->","yoast_head_json":{"title":"Platero, der Pouffe-Sessel und der Traum vom S\u00fcden - esPattio","description":"esPattio pr\u00e4sentiert den Sitzsack Platero mit Tisch, inspiriert von der Reitschule in Jerez. \u00dcberzeugen Sie sich selbst von diesem neuen Produkt!","robots":{"index":"index","follow":"follow","max-snippet":"max-snippet:-1","max-image-preview":"max-image-preview:large","max-video-preview":"max-video-preview:-1"},"canonical":"https:\/\/espattiobrand.com\/de\/geschichten\/produkte-und-stile\/pouffe-sessel-platero\/","og_locale":"de_DE","og_type":"article","og_title":"Platero, der Pouffe-Sessel und der Traum vom S\u00fcden - esPattio","og_description":"esPattio pr\u00e4sentiert den Sitzsack Platero mit Tisch, inspiriert von der Reitschule in Jerez. \u00dcberzeugen Sie sich selbst von diesem neuen Produkt!","og_url":"https:\/\/espattiobrand.com\/de\/geschichten\/produkte-und-stile\/pouffe-sessel-platero\/","og_site_name":"esPattio","article_published_time":"2024-09-15T12:03:00+00:00","article_modified_time":"2025-02-05T11:07:47+00:00","og_image":[{"width":1000,"height":667,"url":"https:\/\/espattiobrand.com\/wp-content\/uploads\/2024\/08\/PLATERO_063.jpg","type":"image\/jpeg"}],"author":"esPattio Marketing","twitter_card":"summary_large_image","twitter_misc":{"Verfasst von":"esPattio Marketing","Gesch\u00e4tzte Lesezeit":"6\u00a0Minuten"},"schema":{"@context":"https:\/\/schema.org","@graph":[{"@type":"WebPage","@id":"https:\/\/espattiobrand.com\/de\/geschichten\/produkte-und-stile\/pouffe-sessel-platero\/","url":"https:\/\/espattiobrand.com\/de\/geschichten\/produkte-und-stile\/pouffe-sessel-platero\/","name":"Platero, der Pouffe-Sessel und der Traum vom S\u00fcden - esPattio","isPartOf":{"@id":"https:\/\/espattiobrand.com\/de\/#website"},"primaryImageOfPage":{"@id":"https:\/\/espattiobrand.com\/de\/geschichten\/produkte-und-stile\/pouffe-sessel-platero\/#primaryimage"},"image":{"@id":"https:\/\/espattiobrand.com\/de\/geschichten\/produkte-und-stile\/pouffe-sessel-platero\/#primaryimage"},"thumbnailUrl":"https:\/\/espattiobrand.com\/wp-content\/uploads\/2024\/08\/PLATERO_063.jpg","datePublished":"2024-09-15T12:03:00+00:00","dateModified":"2025-02-05T11:07:47+00:00","author":{"@id":"https:\/\/espattiobrand.com\/de\/#\/schema\/person\/7708ee8a1f95b2cc235dd82defcab40f"},"description":"esPattio pr\u00e4sentiert den Sitzsack Platero mit Tisch, inspiriert von der Reitschule in Jerez. \u00dcberzeugen Sie sich selbst von diesem neuen Produkt!","breadcrumb":{"@id":"https:\/\/espattiobrand.com\/de\/geschichten\/produkte-und-stile\/pouffe-sessel-platero\/#breadcrumb"},"inLanguage":"de","potentialAction":[{"@type":"ReadAction","target":["https:\/\/espattiobrand.com\/de\/geschichten\/produkte-und-stile\/pouffe-sessel-platero\/"]}]},{"@type":"ImageObject","inLanguage":"de","@id":"https:\/\/espattiobrand.com\/de\/geschichten\/produkte-und-stile\/pouffe-sessel-platero\/#primaryimage","url":"https:\/\/espattiobrand.com\/wp-content\/uploads\/2024\/08\/PLATERO_063.jpg","contentUrl":"https:\/\/espattiobrand.com\/wp-content\/uploads\/2024\/08\/PLATERO_063.jpg","width":1000,"height":667,"caption":"Nuevo lanzamiento: Platero, un sue\u00f1o del Sur"},{"@type":"BreadcrumbList","@id":"https:\/\/espattiobrand.com\/de\/geschichten\/produkte-und-stile\/pouffe-sessel-platero\/#breadcrumb","itemListElement":[{"@type":"ListItem","position":1,"name":"Portada","item":"https:\/\/espattiobrand.com\/de\/"},{"@type":"ListItem","position":2,"name":"Platero, der Pouffe-Sessel und der Traum vom S\u00fcden"}]},{"@type":"WebSite","@id":"https:\/\/espattiobrand.com\/de\/#website","url":"https:\/\/espattiobrand.com\/de\/","name":"esPattio","description":"","potentialAction":[{"@type":"SearchAction","target":{"@type":"EntryPoint","urlTemplate":"https:\/\/espattiobrand.com\/de\/?s={search_term_string}"},"query-input":{"@type":"PropertyValueSpecification","valueRequired":true,"valueName":"search_term_string"}}],"inLanguage":"de"},{"@type":"Person","@id":"https:\/\/espattiobrand.com\/de\/#\/schema\/person\/7708ee8a1f95b2cc235dd82defcab40f","name":"esPattio Marketing","sameAs":["https:\/\/espattiobrand.com\/"]}]}},"_links":{"self":[{"href":"https:\/\/espattiobrand.com\/de\/wp-json\/wp\/v2\/posts\/10653","targetHints":{"allow":["GET"]}}],"collection":[{"href":"https:\/\/espattiobrand.com\/de\/wp-json\/wp\/v2\/posts"}],"about":[{"href":"https:\/\/espattiobrand.com\/de\/wp-json\/wp\/v2\/types\/post"}],"author":[{"embeddable":true,"href":"https:\/\/espattiobrand.com\/de\/wp-json\/wp\/v2\/users\/2"}],"replies":[{"embeddable":true,"href":"https:\/\/espattiobrand.com\/de\/wp-json\/wp\/v2\/comments?post=10653"}],"version-history":[{"count":0,"href":"https:\/\/espattiobrand.com\/de\/wp-json\/wp\/v2\/posts\/10653\/revisions"}],"wp:featuredmedia":[{"embeddable":true,"href":"https:\/\/espattiobrand.com\/de\/wp-json\/wp\/v2\/media\/7797"}],"wp:attachment":[{"href":"https:\/\/espattiobrand.com\/de\/wp-json\/wp\/v2\/media?parent=10653"}],"wp:term":[{"taxonomy":"category","embeddable":true,"href":"https:\/\/espattiobrand.com\/de\/wp-json\/wp\/v2\/categories?post=10653"},{"taxonomy":"post_tag","embeddable":true,"href":"https:\/\/espattiobrand.com\/de\/wp-json\/wp\/v2\/tags?post=10653"}],"curies":[{"name":"wp","href":"https:\/\/api.w.org\/{rel}","templated":true}]}}