{"id":12529,"date":"2025-04-07T13:10:15","date_gmt":"2025-04-07T11:10:15","guid":{"rendered":"https:\/\/espattiobrand.com\/?p=12529"},"modified":"2025-06-13T08:25:18","modified_gmt":"2025-06-13T06:25:18","slug":"exito-rotundo-en-el-evento-le-off-de-paris","status":"publish","type":"post","link":"https:\/\/espattiobrand.com\/de\/geschichten\/messen-kollaborationen-und-showrooms\/exito-rotundo-en-el-evento-le-off-de-paris\/","title":{"rendered":"Erfolg bei der Veranstaltung Le Off in Paris"},"content":{"rendered":"\n<details class=\"wp-block-details is-layout-flow wp-block-details-is-layout-flow\"><summary><em>Vom 25. bis 27. M\u00e4rz boten esPattio und Forma 5 unseren franz\u00f6sischen Kunden ein exklusives Erlebnis im Pariser Showroom, bei dem sie unsere Entw\u00fcrfe entdecken konnten, eine Vorschau auf die Markteinf\u00fchrung erhielten und einen Abend in die Kultur des S\u00fcdens eintauchten.<\/em><\/summary>\n<p><\/p>\n<\/details>\n\n\n\n<div class=\"wp-block-columns are-vertically-aligned-center is-layout-flex wp-container-core-columns-is-layout-9d6595d7 wp-block-columns-is-layout-flex\">\n<div class=\"wp-block-column is-vertically-aligned-center is-layout-flow wp-block-column-is-layout-flow\">\n<p>F\u00fcr esPattio ist jedes M\u00f6belst\u00fcck eine Einladung, den S\u00fcden zu entdecken. Seit unserer Gr\u00fcndung wollen wir unseren Kunden mehr als nur Produkte bieten: eine sinnliche Erfahrung, die die W\u00e4rme, die leuchtenden Farben und das Licht des S\u00fcdens in jeden Winkel der Welt bringt. Mit unseren Veranstaltungen wollen wir erreichen, dass diejenigen, die uns besuchen, nicht nur zuschauen, sondern Teil unseres Prozesses werden und die Identit\u00e4t teilen, die uns inspiriert.<\/p>\n\n\n\n<p>Diese Grunds\u00e4tze haben uns veranlasst, die Le Off-Tage in unserem Pariser Ausstellungsraum zu organisieren. Drei Tage, an denen unsere franz\u00f6sischsprachigen Partner eine unvergessliche Erfahrung machen konnten, indem sie exklusiv die Details entdeckten, die unsere Entw\u00fcrfe so besonders machen.<\/p>\n\n\n\n<p>M\u00f6chten Sie wissen, was Le Off so erfolgreich gemacht hat, wie Sie sich anmelden k\u00f6nnen, um die n\u00e4chste Veranstaltung in unserem Pariser Showroom nicht zu verpassen, und welche Veranstaltungen wir als n\u00e4chstes planen? Lesen Sie mit uns, um die Antworten auf diese Fragen zu erfahren.<\/p>\n<\/div>\n\n\n\n<div class=\"wp-block-column is-vertically-aligned-center is-layout-flow wp-block-column-is-layout-flow\">\n<figure class=\"wp-block-image size-large\"><img loading=\"lazy\" decoding=\"async\" width=\"1024\" height=\"683\" src=\"https:\/\/espattiobrand.com\/wp-content\/uploads\/2025\/04\/216A9685-Avec-accentuation-Bruit-1024x683.jpg\" alt=\"\" class=\"wp-image-12370\" srcset=\"https:\/\/espattiobrand.com\/wp-content\/uploads\/2025\/04\/216A9685-Avec-accentuation-Bruit-1024x683.jpg 1024w, https:\/\/espattiobrand.com\/wp-content\/uploads\/2025\/04\/216A9685-Avec-accentuation-Bruit-300x200.jpg 300w, https:\/\/espattiobrand.com\/wp-content\/uploads\/2025\/04\/216A9685-Avec-accentuation-Bruit-768x512.jpg 768w, https:\/\/espattiobrand.com\/wp-content\/uploads\/2025\/04\/216A9685-Avec-accentuation-Bruit-1536x1024.jpg 1536w, https:\/\/espattiobrand.com\/wp-content\/uploads\/2025\/04\/216A9685-Avec-accentuation-Bruit-2048x1366.jpg 2048w\" sizes=\"auto, (max-width: 1024px) 100vw, 1024px\" \/><\/figure>\n\n\n\n<figure class=\"wp-block-image size-large\"><img loading=\"lazy\" decoding=\"async\" width=\"1024\" height=\"683\" src=\"https:\/\/espattiobrand.com\/wp-content\/uploads\/2025\/04\/216A9709-Avec-accentuation-Bruit-1024x683.jpg\" alt=\"\" class=\"wp-image-12362\" srcset=\"https:\/\/espattiobrand.com\/wp-content\/uploads\/2025\/04\/216A9709-Avec-accentuation-Bruit-1024x683.jpg 1024w, https:\/\/espattiobrand.com\/wp-content\/uploads\/2025\/04\/216A9709-Avec-accentuation-Bruit-300x200.jpg 300w, https:\/\/espattiobrand.com\/wp-content\/uploads\/2025\/04\/216A9709-Avec-accentuation-Bruit-768x512.jpg 768w, https:\/\/espattiobrand.com\/wp-content\/uploads\/2025\/04\/216A9709-Avec-accentuation-Bruit-1536x1024.jpg 1536w, https:\/\/espattiobrand.com\/wp-content\/uploads\/2025\/04\/216A9709-Avec-accentuation-Bruit-2048x1366.jpg 2048w\" sizes=\"auto, (max-width: 1024px) 100vw, 1024px\" \/><\/figure>\n<\/div>\n<\/div>\n\n\n\n<div class=\"wp-block-columns are-vertically-aligned-center is-layout-flex wp-container-core-columns-is-layout-9d6595d7 wp-block-columns-is-layout-flex\">\n<div class=\"wp-block-column is-vertically-aligned-center is-layout-flow wp-block-column-is-layout-flow\">\n<figure class=\"wp-block-image size-large\"><img loading=\"lazy\" decoding=\"async\" width=\"1024\" height=\"683\" src=\"https:\/\/espattiobrand.com\/wp-content\/uploads\/2025\/04\/216A9621-Avec-accentuation-Bruit-1024x683.jpg\" alt=\"\" class=\"wp-image-12374\" srcset=\"https:\/\/espattiobrand.com\/wp-content\/uploads\/2025\/04\/216A9621-Avec-accentuation-Bruit-1024x683.jpg 1024w, https:\/\/espattiobrand.com\/wp-content\/uploads\/2025\/04\/216A9621-Avec-accentuation-Bruit-300x200.jpg 300w, https:\/\/espattiobrand.com\/wp-content\/uploads\/2025\/04\/216A9621-Avec-accentuation-Bruit-768x512.jpg 768w, https:\/\/espattiobrand.com\/wp-content\/uploads\/2025\/04\/216A9621-Avec-accentuation-Bruit-1536x1024.jpg 1536w, https:\/\/espattiobrand.com\/wp-content\/uploads\/2025\/04\/216A9621-Avec-accentuation-Bruit-2048x1366.jpg 2048w\" sizes=\"auto, (max-width: 1024px) 100vw, 1024px\" \/><\/figure>\n\n\n\n<figure class=\"wp-block-image size-large\"><img loading=\"lazy\" decoding=\"async\" width=\"1024\" height=\"683\" src=\"https:\/\/espattiobrand.com\/wp-content\/uploads\/2025\/04\/216A9674-Avec-accentuation-Bruit-1024x683.jpg\" alt=\"\" class=\"wp-image-12378\" srcset=\"https:\/\/espattiobrand.com\/wp-content\/uploads\/2025\/04\/216A9674-Avec-accentuation-Bruit-1024x683.jpg 1024w, https:\/\/espattiobrand.com\/wp-content\/uploads\/2025\/04\/216A9674-Avec-accentuation-Bruit-300x200.jpg 300w, https:\/\/espattiobrand.com\/wp-content\/uploads\/2025\/04\/216A9674-Avec-accentuation-Bruit-768x512.jpg 768w, https:\/\/espattiobrand.com\/wp-content\/uploads\/2025\/04\/216A9674-Avec-accentuation-Bruit-1536x1024.jpg 1536w, https:\/\/espattiobrand.com\/wp-content\/uploads\/2025\/04\/216A9674-Avec-accentuation-Bruit-2048x1366.jpg 2048w\" sizes=\"auto, (max-width: 1024px) 100vw, 1024px\" \/><\/figure>\n\n\n\n<figure class=\"wp-block-image size-large\"><img loading=\"lazy\" decoding=\"async\" width=\"1024\" height=\"683\" src=\"https:\/\/espattiobrand.com\/wp-content\/uploads\/2025\/04\/216A9477-Avec-accentuation-Bruit-1024x683.jpg\" alt=\"\" class=\"wp-image-12382\" srcset=\"https:\/\/espattiobrand.com\/wp-content\/uploads\/2025\/04\/216A9477-Avec-accentuation-Bruit-1024x683.jpg 1024w, https:\/\/espattiobrand.com\/wp-content\/uploads\/2025\/04\/216A9477-Avec-accentuation-Bruit-300x200.jpg 300w, https:\/\/espattiobrand.com\/wp-content\/uploads\/2025\/04\/216A9477-Avec-accentuation-Bruit-768x512.jpg 768w, https:\/\/espattiobrand.com\/wp-content\/uploads\/2025\/04\/216A9477-Avec-accentuation-Bruit-1536x1024.jpg 1536w, https:\/\/espattiobrand.com\/wp-content\/uploads\/2025\/04\/216A9477-Avec-accentuation-Bruit-2048x1366.jpg 2048w\" sizes=\"auto, (max-width: 1024px) 100vw, 1024px\" \/><\/figure>\n\n\n\n<figure class=\"wp-block-image size-large\"><img loading=\"lazy\" decoding=\"async\" width=\"1024\" height=\"683\" src=\"https:\/\/espattiobrand.com\/wp-content\/uploads\/2025\/04\/216A9574-Avec-accentuation-Bruit-1024x683.jpg\" alt=\"\" class=\"wp-image-12390\" srcset=\"https:\/\/espattiobrand.com\/wp-content\/uploads\/2025\/04\/216A9574-Avec-accentuation-Bruit-1024x683.jpg 1024w, https:\/\/espattiobrand.com\/wp-content\/uploads\/2025\/04\/216A9574-Avec-accentuation-Bruit-300x200.jpg 300w, https:\/\/espattiobrand.com\/wp-content\/uploads\/2025\/04\/216A9574-Avec-accentuation-Bruit-768x512.jpg 768w, https:\/\/espattiobrand.com\/wp-content\/uploads\/2025\/04\/216A9574-Avec-accentuation-Bruit-1536x1024.jpg 1536w, https:\/\/espattiobrand.com\/wp-content\/uploads\/2025\/04\/216A9574-Avec-accentuation-Bruit-2048x1366.jpg 2048w\" sizes=\"auto, (max-width: 1024px) 100vw, 1024px\" \/><\/figure>\n<\/div>\n\n\n\n<div class=\"wp-block-column is-vertically-aligned-center is-layout-flow wp-block-column-is-layout-flow\">\n<h2 class=\"wp-block-heading\">Le Off: Die Essenz des S\u00fcdens in die Seele von Paris bringen<\/h2>\n\n\n\n<p>Die Le Off-Tage (25., 26. und 27. M\u00e4rz) in unserem Pariser Ausstellungsraum waren als Einladung an unsere Partner gedacht, den franz\u00f6sischen Markt zu genie\u00dfen. An drei au\u00dfergew\u00f6hnlichen Abenden haben wir den S\u00fcden nach Paris gebracht, mit seiner Gastronomie, seiner Kultur und nat\u00fcrlich mit unseren Designs. Es war der ideale Rahmen f\u00fcr unsere G\u00e4ste, um sich auszutauschen, die <a href=\"https:\/\/espattiobrand.com\/de\/ueber-espattio\/#\">Geheimnisse von esPattio<\/a> zu entdecken und sich mit den Elementen zu besch\u00e4ftigen, die unsere Identit\u00e4t und unsere unverwechselbare Farbpalette ausmachen.<\/p>\n\n\n\n<p>W\u00e4hrend der drei Tage bot die Veranstaltung Gesch\u00e4ftsleuten, Architekten, Designern und Innenarchitekten die M\u00f6glichkeit, von unserem franz\u00f6sischen Verkaufsteam betreut zu werden, und zwar stets mit der f\u00fcr uns typischen Herzlichkeit. An diesen Abenden konnten die Teilnehmer einige der herausragendsten <a href=\"https:\/\/espattiobrand.com\/de\/sammlung\/\">Entw\u00fcrfe von esPattio<\/a> genauer unter die Lupe nehmen, darunter die unverwechselbare Marina-Familie, die k\u00fcrzlich erweiterte Stuhlserie Abril und unsere neuesten Produkte, wie die Besprechungstisch-Kollektion Baelo und die innovativen Platero-Puffs. Die Veranstaltung erreichte ihren H\u00f6hepunkt mit der andalusischen Nacht, in der die Teilnehmer eine Auswahl der besten gastronomischen Produkte aus dem S\u00fcden genossen, eine Flamenco-Tanzvorf\u00fchrung sahen und an Workshops teilnahmen, in denen sie entdeckten, wie ikonische Farben wie Tinto, Azahar oder Do\u00f1ana entstehen, und so noch mehr in die Essenz unserer Marke eintauchten.<\/p>\n\n\n\n<p>Die Veranstaltung, die sowohl wegen der hohen Besucherzahl als auch wegen ihrer tadellosen Entwicklung als voller Erfolg gewertet wurde, fand ihren H\u00f6hepunkt in einem besonderen Beitrag des franz\u00f6sischen Designers <a href=\"http:\/\/www.christophepillet.com\/\">Christophe Pillet<\/a>, der seine neue Kreation Aldea vorstellte, die bald zur esPattio-Familie geh\u00f6ren wird. Drei Tage lang war unser Ausstellungsraum im Herzen von Paris voller Licht, Farbe und W\u00e4rme. Er war erf\u00fcllt von der Energie, die uns auszeichnet und in der sich unsere Identit\u00e4t, unsere Liebe zum Design und zur Innovation in jedem Winkel des Raumes vereinen.<\/p>\n<\/div>\n<\/div>\n\n\n\n<figure class=\"wp-block-gallery has-nested-images columns-default is-cropped wp-block-gallery-1 is-layout-flex wp-block-gallery-is-layout-flex\">\n<figure class=\"wp-block-image size-large\"><img loading=\"lazy\" decoding=\"async\" width=\"1024\" height=\"683\" data-id=\"12406\" src=\"https:\/\/espattiobrand.com\/wp-content\/uploads\/2025\/04\/216A9928-Avec-accentuation-Bruit-1024x683.jpg\" alt=\"\" class=\"wp-image-12406\" srcset=\"https:\/\/espattiobrand.com\/wp-content\/uploads\/2025\/04\/216A9928-Avec-accentuation-Bruit-1024x683.jpg 1024w, https:\/\/espattiobrand.com\/wp-content\/uploads\/2025\/04\/216A9928-Avec-accentuation-Bruit-300x200.jpg 300w, https:\/\/espattiobrand.com\/wp-content\/uploads\/2025\/04\/216A9928-Avec-accentuation-Bruit-768x512.jpg 768w, https:\/\/espattiobrand.com\/wp-content\/uploads\/2025\/04\/216A9928-Avec-accentuation-Bruit-1536x1024.jpg 1536w, https:\/\/espattiobrand.com\/wp-content\/uploads\/2025\/04\/216A9928-Avec-accentuation-Bruit-2048x1366.jpg 2048w\" sizes=\"auto, (max-width: 1024px) 100vw, 1024px\" \/><\/figure>\n\n\n\n<figure class=\"wp-block-image size-large\"><img loading=\"lazy\" decoding=\"async\" width=\"1024\" height=\"683\" data-id=\"12410\" src=\"https:\/\/espattiobrand.com\/wp-content\/uploads\/2025\/04\/216A9806-Avec-accentuation-Bruit-1024x683.jpg\" alt=\"\" class=\"wp-image-12410\" srcset=\"https:\/\/espattiobrand.com\/wp-content\/uploads\/2025\/04\/216A9806-Avec-accentuation-Bruit-1024x683.jpg 1024w, https:\/\/espattiobrand.com\/wp-content\/uploads\/2025\/04\/216A9806-Avec-accentuation-Bruit-300x200.jpg 300w, https:\/\/espattiobrand.com\/wp-content\/uploads\/2025\/04\/216A9806-Avec-accentuation-Bruit-768x512.jpg 768w, https:\/\/espattiobrand.com\/wp-content\/uploads\/2025\/04\/216A9806-Avec-accentuation-Bruit-1536x1024.jpg 1536w, https:\/\/espattiobrand.com\/wp-content\/uploads\/2025\/04\/216A9806-Avec-accentuation-Bruit-2048x1366.jpg 2048w\" sizes=\"auto, (max-width: 1024px) 100vw, 1024px\" \/><\/figure>\n\n\n\n<figure class=\"wp-block-image size-large\"><img loading=\"lazy\" decoding=\"async\" width=\"1024\" height=\"683\" data-id=\"12402\" src=\"https:\/\/espattiobrand.com\/wp-content\/uploads\/2025\/04\/216A9919-Avec-accentuation-Bruit-1-1024x683.jpg\" alt=\"\" class=\"wp-image-12402\" srcset=\"https:\/\/espattiobrand.com\/wp-content\/uploads\/2025\/04\/216A9919-Avec-accentuation-Bruit-1-1024x683.jpg 1024w, https:\/\/espattiobrand.com\/wp-content\/uploads\/2025\/04\/216A9919-Avec-accentuation-Bruit-1-300x200.jpg 300w, https:\/\/espattiobrand.com\/wp-content\/uploads\/2025\/04\/216A9919-Avec-accentuation-Bruit-1-768x512.jpg 768w, https:\/\/espattiobrand.com\/wp-content\/uploads\/2025\/04\/216A9919-Avec-accentuation-Bruit-1-1536x1024.jpg 1536w, https:\/\/espattiobrand.com\/wp-content\/uploads\/2025\/04\/216A9919-Avec-accentuation-Bruit-1-2048x1366.jpg 2048w\" sizes=\"auto, (max-width: 1024px) 100vw, 1024px\" \/><\/figure>\n<\/figure>\n\n\n\n<figure class=\"wp-block-gallery has-nested-images columns-default is-cropped wp-block-gallery-2 is-layout-flex wp-block-gallery-is-layout-flex\">\n<figure class=\"wp-block-image size-large\"><img loading=\"lazy\" decoding=\"async\" width=\"1024\" height=\"683\" data-id=\"12434\" src=\"https:\/\/espattiobrand.com\/wp-content\/uploads\/2025\/04\/216A9698-Avec-accentuation-Bruit-1-1024x683.jpg\" alt=\"\" class=\"wp-image-12434\" srcset=\"https:\/\/espattiobrand.com\/wp-content\/uploads\/2025\/04\/216A9698-Avec-accentuation-Bruit-1-1024x683.jpg 1024w, https:\/\/espattiobrand.com\/wp-content\/uploads\/2025\/04\/216A9698-Avec-accentuation-Bruit-1-300x200.jpg 300w, https:\/\/espattiobrand.com\/wp-content\/uploads\/2025\/04\/216A9698-Avec-accentuation-Bruit-1-768x512.jpg 768w, https:\/\/espattiobrand.com\/wp-content\/uploads\/2025\/04\/216A9698-Avec-accentuation-Bruit-1-1536x1024.jpg 1536w, https:\/\/espattiobrand.com\/wp-content\/uploads\/2025\/04\/216A9698-Avec-accentuation-Bruit-1-2048x1366.jpg 2048w\" sizes=\"auto, (max-width: 1024px) 100vw, 1024px\" \/><\/figure>\n\n\n\n<figure class=\"wp-block-image size-large\"><img loading=\"lazy\" decoding=\"async\" width=\"1024\" height=\"683\" data-id=\"12442\" src=\"https:\/\/espattiobrand.com\/wp-content\/uploads\/2025\/04\/216A9728-Avec-accentuation-Bruit-1-1024x683.jpg\" alt=\"\" class=\"wp-image-12442\" srcset=\"https:\/\/espattiobrand.com\/wp-content\/uploads\/2025\/04\/216A9728-Avec-accentuation-Bruit-1-1024x683.jpg 1024w, https:\/\/espattiobrand.com\/wp-content\/uploads\/2025\/04\/216A9728-Avec-accentuation-Bruit-1-300x200.jpg 300w, https:\/\/espattiobrand.com\/wp-content\/uploads\/2025\/04\/216A9728-Avec-accentuation-Bruit-1-768x512.jpg 768w, https:\/\/espattiobrand.com\/wp-content\/uploads\/2025\/04\/216A9728-Avec-accentuation-Bruit-1-1536x1024.jpg 1536w, https:\/\/espattiobrand.com\/wp-content\/uploads\/2025\/04\/216A9728-Avec-accentuation-Bruit-1-2048x1366.jpg 2048w\" sizes=\"auto, (max-width: 1024px) 100vw, 1024px\" \/><\/figure>\n\n\n\n<figure class=\"wp-block-image size-large\"><img loading=\"lazy\" decoding=\"async\" width=\"1024\" height=\"683\" data-id=\"12426\" src=\"https:\/\/espattiobrand.com\/wp-content\/uploads\/2025\/04\/216A9757-Avec-accentuation-Bruit-1-1024x683.jpg\" alt=\"\" class=\"wp-image-12426\" srcset=\"https:\/\/espattiobrand.com\/wp-content\/uploads\/2025\/04\/216A9757-Avec-accentuation-Bruit-1-1024x683.jpg 1024w, https:\/\/espattiobrand.com\/wp-content\/uploads\/2025\/04\/216A9757-Avec-accentuation-Bruit-1-300x200.jpg 300w, https:\/\/espattiobrand.com\/wp-content\/uploads\/2025\/04\/216A9757-Avec-accentuation-Bruit-1-768x512.jpg 768w, https:\/\/espattiobrand.com\/wp-content\/uploads\/2025\/04\/216A9757-Avec-accentuation-Bruit-1-1536x1024.jpg 1536w, https:\/\/espattiobrand.com\/wp-content\/uploads\/2025\/04\/216A9757-Avec-accentuation-Bruit-1-2048x1366.jpg 2048w\" sizes=\"auto, (max-width: 1024px) 100vw, 1024px\" \/><\/figure>\n<\/figure>\n\n\n\n<div style=\"height:50px\" aria-hidden=\"true\" class=\"wp-block-spacer\"><\/div>\n\n\n\n<h2 class=\"wp-block-heading\">Le Off, eine einzigartige Gelegenheit, mit Design zu leben<\/h2>\n\n\n\n<p>Le Off war viel mehr als nur eine Gelegenheit, die Beziehungen zu unseren Partnern auf dem franz\u00f6sischsprachigen Markt zu st\u00e4rken. Es war ein Ort, an dem wir auf direktem Wege die Designs pr\u00e4sentieren konnten, die esPattio und <a href=\"https:\/\/forma5.com\/\">Forma 5<\/a> zu den perfekten Marken machen, um innovativen Projekten Gestalt zu verleihen. Jeder Tag war eine Gelegenheit zu zeigen, wie unsere Kollektionen perfekt zu den Ideen und Projekten unserer Kunden passen.<\/p>\n\n\n\n<p>Innerhalb der Produktpalette von esPattio erstrahlten Kollektionen wie Marina, Bow Lounge, Pausa und Libro in unserem Pariser Showroom in einem ganz eigenen Licht. Jede von ihnen zeigte die ganze Eleganz ihrer Stoffe, den einzigartigen Charakter unserer Farbpalette, die Innovation, die sie auszeichnet, und ihr festes Engagement f\u00fcr Nachhaltigkeit. Auch unsere Neuheiten standen im Mittelpunkt: die Tischfamilie Baelo, die Platero-Puffs und die Erweiterungen der Serien <a href=\"https:\/\/espattiobrand.com\/de\/sammlung\/amivera-sofa\/\">Amivera<\/a> und <a href=\"https:\/\/espattiobrand.com\/de\/sammlung\/abril\/\">Abril<\/a>, die w\u00e4hrend der gesamten Veranstaltung im Mittelpunkt standen. Auch Forma 5 war mit einigen seiner ikonischsten Entw\u00fcrfe vertreten, darunter die j\u00fcngste Neueinf\u00fchrung, die Tischserie <a href=\"https:\/\/forma5.com\/de\/tische\/mehrzweck\/dimmer\/\">Dimmer<\/a>, die das Angebot vervollst\u00e4ndigte und den Unterschied im Raum ausmachte.<\/p>\n\n\n\n<p>In einem exklusiven Moment der Veranstaltung haben wir unseren Kunden einige der zuk\u00fcnftigen Kreationen vorgestellt, die bald das Licht der Welt erblicken werden. Neben der Serie Aldea, die von ihrem Designer Christophe Pillet live vorgestellt wurde, erhielten unsere G\u00e4ste einen Vorgeschmack auf unsere am sehnlichsten erwarteten neuen Produkte. Zweifellos ein einzigartiges Erlebnis, das man nur bei einem Besuch in unseren Ausstellungsr\u00e4umen oder an unseren St\u00e4nden bei besonderen Veranstaltungen erleben kann.<\/p>\n\n\n\n<figure class=\"wp-block-gallery has-nested-images columns-default is-cropped wp-block-gallery-3 is-layout-flex wp-block-gallery-is-layout-flex\">\n<figure class=\"wp-block-image size-large\"><img loading=\"lazy\" decoding=\"async\" width=\"1024\" height=\"683\" data-id=\"12478\" src=\"https:\/\/espattiobrand.com\/wp-content\/uploads\/2025\/04\/216A9468-Avec-accentuation-Bruit-5-1024x683.jpg\" alt=\"\" class=\"wp-image-12478\" srcset=\"https:\/\/espattiobrand.com\/wp-content\/uploads\/2025\/04\/216A9468-Avec-accentuation-Bruit-5-1024x683.jpg 1024w, https:\/\/espattiobrand.com\/wp-content\/uploads\/2025\/04\/216A9468-Avec-accentuation-Bruit-5-300x200.jpg 300w, https:\/\/espattiobrand.com\/wp-content\/uploads\/2025\/04\/216A9468-Avec-accentuation-Bruit-5-768x512.jpg 768w, https:\/\/espattiobrand.com\/wp-content\/uploads\/2025\/04\/216A9468-Avec-accentuation-Bruit-5-1536x1024.jpg 1536w, https:\/\/espattiobrand.com\/wp-content\/uploads\/2025\/04\/216A9468-Avec-accentuation-Bruit-5-2048x1366.jpg 2048w\" sizes=\"auto, (max-width: 1024px) 100vw, 1024px\" \/><\/figure>\n\n\n\n<figure class=\"wp-block-image size-large\"><img loading=\"lazy\" decoding=\"async\" width=\"1024\" height=\"683\" data-id=\"12486\" src=\"https:\/\/espattiobrand.com\/wp-content\/uploads\/2025\/04\/216A9473-Avec-accentuation-Bruit-2-1024x683.jpg\" alt=\"\" class=\"wp-image-12486\" srcset=\"https:\/\/espattiobrand.com\/wp-content\/uploads\/2025\/04\/216A9473-Avec-accentuation-Bruit-2-1024x683.jpg 1024w, https:\/\/espattiobrand.com\/wp-content\/uploads\/2025\/04\/216A9473-Avec-accentuation-Bruit-2-300x200.jpg 300w, https:\/\/espattiobrand.com\/wp-content\/uploads\/2025\/04\/216A9473-Avec-accentuation-Bruit-2-768x512.jpg 768w, https:\/\/espattiobrand.com\/wp-content\/uploads\/2025\/04\/216A9473-Avec-accentuation-Bruit-2-1536x1024.jpg 1536w, https:\/\/espattiobrand.com\/wp-content\/uploads\/2025\/04\/216A9473-Avec-accentuation-Bruit-2-2048x1366.jpg 2048w\" sizes=\"auto, (max-width: 1024px) 100vw, 1024px\" \/><\/figure>\n\n\n\n<figure class=\"wp-block-image size-large\"><img loading=\"lazy\" decoding=\"async\" width=\"1024\" height=\"683\" data-id=\"12482\" src=\"https:\/\/espattiobrand.com\/wp-content\/uploads\/2025\/04\/216A9458-Avec-accentuation-Bruit-1024x683.jpg\" alt=\"\" class=\"wp-image-12482\" srcset=\"https:\/\/espattiobrand.com\/wp-content\/uploads\/2025\/04\/216A9458-Avec-accentuation-Bruit-1024x683.jpg 1024w, https:\/\/espattiobrand.com\/wp-content\/uploads\/2025\/04\/216A9458-Avec-accentuation-Bruit-300x200.jpg 300w, https:\/\/espattiobrand.com\/wp-content\/uploads\/2025\/04\/216A9458-Avec-accentuation-Bruit-768x512.jpg 768w, https:\/\/espattiobrand.com\/wp-content\/uploads\/2025\/04\/216A9458-Avec-accentuation-Bruit-1536x1024.jpg 1536w, https:\/\/espattiobrand.com\/wp-content\/uploads\/2025\/04\/216A9458-Avec-accentuation-Bruit-2048x1366.jpg 2048w\" sizes=\"auto, (max-width: 1024px) 100vw, 1024px\" \/><\/figure>\n<\/figure>\n\n\n\n<figure class=\"wp-block-gallery has-nested-images columns-default is-cropped wp-block-gallery-4 is-layout-flex wp-block-gallery-is-layout-flex\">\n<figure class=\"wp-block-image size-large\"><img loading=\"lazy\" decoding=\"async\" width=\"1024\" height=\"683\" data-id=\"12498\" src=\"https:\/\/espattiobrand.com\/wp-content\/uploads\/2025\/04\/216A9534-Avec-accentuation-Bruit-1024x683.jpg\" alt=\"\" class=\"wp-image-12498\" srcset=\"https:\/\/espattiobrand.com\/wp-content\/uploads\/2025\/04\/216A9534-Avec-accentuation-Bruit-1024x683.jpg 1024w, https:\/\/espattiobrand.com\/wp-content\/uploads\/2025\/04\/216A9534-Avec-accentuation-Bruit-300x200.jpg 300w, https:\/\/espattiobrand.com\/wp-content\/uploads\/2025\/04\/216A9534-Avec-accentuation-Bruit-768x512.jpg 768w, https:\/\/espattiobrand.com\/wp-content\/uploads\/2025\/04\/216A9534-Avec-accentuation-Bruit-1536x1024.jpg 1536w, https:\/\/espattiobrand.com\/wp-content\/uploads\/2025\/04\/216A9534-Avec-accentuation-Bruit-2048x1366.jpg 2048w\" sizes=\"auto, (max-width: 1024px) 100vw, 1024px\" \/><\/figure>\n\n\n\n<figure class=\"wp-block-image size-large\"><img loading=\"lazy\" decoding=\"async\" width=\"1024\" height=\"683\" data-id=\"12506\" src=\"https:\/\/espattiobrand.com\/wp-content\/uploads\/2025\/04\/216A9542-Avec-accentuation-Bruit-1024x683.jpg\" alt=\"\" class=\"wp-image-12506\" srcset=\"https:\/\/espattiobrand.com\/wp-content\/uploads\/2025\/04\/216A9542-Avec-accentuation-Bruit-1024x683.jpg 1024w, https:\/\/espattiobrand.com\/wp-content\/uploads\/2025\/04\/216A9542-Avec-accentuation-Bruit-300x200.jpg 300w, https:\/\/espattiobrand.com\/wp-content\/uploads\/2025\/04\/216A9542-Avec-accentuation-Bruit-768x512.jpg 768w, https:\/\/espattiobrand.com\/wp-content\/uploads\/2025\/04\/216A9542-Avec-accentuation-Bruit-1536x1024.jpg 1536w, https:\/\/espattiobrand.com\/wp-content\/uploads\/2025\/04\/216A9542-Avec-accentuation-Bruit-2048x1366.jpg 2048w\" sizes=\"auto, (max-width: 1024px) 100vw, 1024px\" \/><\/figure>\n\n\n\n<figure class=\"wp-block-image size-large\"><img loading=\"lazy\" decoding=\"async\" width=\"1024\" height=\"683\" data-id=\"12502\" src=\"https:\/\/espattiobrand.com\/wp-content\/uploads\/2025\/04\/216A9541-Avec-accentuation-Bruit-1024x683.jpg\" alt=\"\" class=\"wp-image-12502\" srcset=\"https:\/\/espattiobrand.com\/wp-content\/uploads\/2025\/04\/216A9541-Avec-accentuation-Bruit-1024x683.jpg 1024w, https:\/\/espattiobrand.com\/wp-content\/uploads\/2025\/04\/216A9541-Avec-accentuation-Bruit-300x200.jpg 300w, https:\/\/espattiobrand.com\/wp-content\/uploads\/2025\/04\/216A9541-Avec-accentuation-Bruit-768x512.jpg 768w, https:\/\/espattiobrand.com\/wp-content\/uploads\/2025\/04\/216A9541-Avec-accentuation-Bruit-1536x1024.jpg 1536w, https:\/\/espattiobrand.com\/wp-content\/uploads\/2025\/04\/216A9541-Avec-accentuation-Bruit-2048x1366.jpg 2048w\" sizes=\"auto, (max-width: 1024px) 100vw, 1024px\" \/><\/figure>\n<\/figure>\n\n\n\n<h3 class=\"wp-block-heading\">M\u00f6chten Sie an einer unserer n\u00e4chsten Veranstaltungen teilnehmen?<\/h3>\n\n\n\n<p>Le Off war nur eine der vielen Veranstaltungen, die esPattio f\u00fcr 2025 geplant hat, und wie die in unserem Pariser Showroom erwarten wir, dass sie alle ein durchschlagender Erfolg werden. M\u00f6chten Sie erfahren, wie Sie an einer unserer kommenden Veranstaltungen teilnehmen k\u00f6nnen? Hier finden Sie eine Liste der wichtigsten Messen und Ausstellungen, an denen wir in diesem Jahr teilnehmen werden:<\/p>\n\n\n\n<ul class=\"wp-block-list\">\n<li><strong>Salone Internazionale del Mobile &#8211; Mailand &#8211; April<\/strong><\/li>\n\n\n\n<li><strong>Clerkenwell Design Week &#8211; London &#8211; Mai<\/strong><\/li>\n\n\n\n<li><strong>Ausstellung f\u00fcr Designarbeitspl\u00e4tze &#8211; Madrid &#8211; Mai<\/strong><\/li>\n\n\n\n<li><strong>Fulton Market Design Days &#8211; Chicago &#8211; Juni<\/strong><\/li>\n<\/ul>\n\n\n\n<figure class=\"wp-block-image size-large\"><img loading=\"lazy\" decoding=\"async\" width=\"1024\" height=\"448\" src=\"https:\/\/espattiobrand.com\/wp-content\/uploads\/2025\/04\/Firma-1024x448.jpg\" alt=\"\" class=\"wp-image-12494\" srcset=\"https:\/\/espattiobrand.com\/wp-content\/uploads\/2025\/04\/Firma-1024x448.jpg 1024w, https:\/\/espattiobrand.com\/wp-content\/uploads\/2025\/04\/Firma-300x131.jpg 300w, https:\/\/espattiobrand.com\/wp-content\/uploads\/2025\/04\/Firma-768x336.jpg 768w, https:\/\/espattiobrand.com\/wp-content\/uploads\/2025\/04\/Firma-1536x672.jpg 1536w, https:\/\/espattiobrand.com\/wp-content\/uploads\/2025\/04\/Firma.jpg 1667w\" sizes=\"auto, (max-width: 1024px) 100vw, 1024px\" \/><\/figure>\n\n\n\n<p><\/p>\n\n\n\n<p>Wenn Sie au\u00dferdem Einladungen zu den Veranstaltungen erhalten m\u00f6chten, die wir in unseren Showrooms und Coworkings auf der ganzen Welt organisieren, klicken Sie einfach auf die Registerkarte <a href=\"https:\/\/espattiobrand.com\/de\/kontakt\/\">Kontakt<\/a> und setzen Sie sich mit dem Vertriebsmitarbeiter in Ihrer N\u00e4he in Verbindung. Auf diese Weise werden Sie nicht nur Teil der wunderbaren esPattio-Familie, sondern Sie erfahren auch als Erster von unseren neuesten Nachrichten und haben exklusiven Zugang zu all unseren Aktivit\u00e4ten.<\/p>\n\n\n\n<p>Die Teilnahme an diesen Veranstaltungen ist nicht nur eine wunderbare Gelegenheit, Ihr Kontaktnetz in der Branche zu erweitern, sondern bietet Ihnen auch die M\u00f6glichkeit, an Verlosungen exklusiver M\u00f6belst\u00fccke teilzunehmen, esPattio-Merchandising zu betreiben und dar\u00fcber hinaus Besuche in Sevilla zu arrangieren, um unsere zentralen Einrichtungen und das Team von Grupo Forma 5 kennenzulernen &#8211; eine einzigartige Erfahrung, die Sie sich nicht entgehen lassen sollten!<\/p>\n\n\n\n<p><\/p>\n\n\n<div class=\"wp-block-image\">\n<figure class=\"aligncenter size-large is-resized\"><img loading=\"lazy\" decoding=\"async\" width=\"1024\" height=\"433\" src=\"https:\/\/espattiobrand.com\/wp-content\/uploads\/2024\/09\/contact-furniture-projects-1024x433.webp\" alt=\"contact furniture projects\" class=\"wp-image-10590\" style=\"object-fit:contain;width:750px;height:350px\" srcset=\"https:\/\/espattiobrand.com\/wp-content\/uploads\/2024\/09\/contact-furniture-projects-1024x433.webp 1024w, https:\/\/espattiobrand.com\/wp-content\/uploads\/2024\/09\/contact-furniture-projects-300x127.webp 300w, https:\/\/espattiobrand.com\/wp-content\/uploads\/2024\/09\/contact-furniture-projects-768x325.webp 768w, https:\/\/espattiobrand.com\/wp-content\/uploads\/2024\/09\/contact-furniture-projects.webp 1300w\" sizes=\"auto, (max-width: 1024px) 100vw, 1024px\" \/><\/figure><\/div>\n\n\n<p>Por \u00faltimo, desde toda la familia de esPattio <strong>queremos agradecer a todos los <em>partners<\/em> que nos acompa\u00f1aron en las jornadas de <em>Le Off <\/em>en Par\u00eds<\/strong>. Fue un verdadero placer recibirlos en nuestro showroom, y esperamos poder encontrarnos nuevamente en los pr\u00f3ximos eventos que organizaremos en la capital francesa. <strong>\u00a1Gracias por formar parte de esta experiencia \u00fanica!<\/strong><\/p>\n\n\n\n<p>Abschlie\u00dfend m\u00f6chte sich die gesamte esPattio-Familie <strong>bei allen Partnern bedanken, die uns bei der Veranstaltung Le Off in Paris<\/strong> besucht haben. Es war uns eine gro\u00dfe Freude, Sie in unserem Ausstellungsraum zu begr\u00fc\u00dfen, und wir hoffen, Sie bei den n\u00e4chsten Veranstaltungen, die wir in der franz\u00f6sischen Hauptstadt organisieren werden, wiederzusehen. Vielen Dank, <strong>dass Sie Teil dieser einzigartigen Erfahrung waren!<\/strong><\/p>\n\n\n\n<p><\/p>\n\n\n\n<p><strong>A bient\u00f4t!<\/strong><\/p>\n","protected":false},"excerpt":{"rendered":"<p>F\u00fcr esPattio ist jedes M\u00f6belst\u00fcck eine Einladung, den S\u00fcden zu entdecken. Seit unserer Gr\u00fcndung wollen wir unseren Kunden mehr als nur Produkte bieten: eine sinnliche Erfahrung, die die W\u00e4rme, die leuchtenden Farben und das Licht des S\u00fcdens in jeden Winkel der Welt bringt. Mit unseren Veranstaltungen wollen wir erreichen, dass diejenigen, die uns besuchen, nicht [&hellip;]<\/p>\n","protected":false},"author":2,"featured_media":12365,"comment_status":"closed","ping_status":"closed","sticky":false,"template":"","format":"standard","meta":{"_acf_changed":false,"footnotes":""},"categories":[83,89],"tags":[163,186],"class_list":["post-12529","post","type-post","status-publish","format-standard","has-post-thumbnail","hentry","category-geschichten","category-messen-kollaborationen-und-showrooms","tag-eventos-de","tag-francia-de"],"acf":[],"yoast_head":"<!-- This site is optimized with the Yoast SEO plugin v25.3 - https:\/\/yoast.com\/wordpress\/plugins\/seo\/ -->\n<title>Erfolg bei der Veranstaltung Le Off in Paris - esPattio<\/title>\n<meta name=\"description\" content=\"Besuchen Sie erneut die Le Off-Tage in unserem Showroom in Paris und erfahren Sie, wie Sie sich f\u00fcr die n\u00e4chste Veranstaltung anmelden k\u00f6nnen!\" \/>\n<meta name=\"robots\" content=\"index, follow, max-snippet:-1, max-image-preview:large, max-video-preview:-1\" \/>\n<link rel=\"canonical\" href=\"https:\/\/espattiobrand.com\/de\/geschichten\/messen-kollaborationen-und-showrooms\/exito-rotundo-en-el-evento-le-off-de-paris\/\" \/>\n<meta property=\"og:locale\" content=\"de_DE\" \/>\n<meta property=\"og:type\" content=\"article\" \/>\n<meta property=\"og:title\" content=\"Erfolg bei der Veranstaltung Le Off in Paris - esPattio\" \/>\n<meta property=\"og:description\" content=\"Besuchen Sie erneut die Le Off-Tage in unserem Showroom in Paris und erfahren Sie, wie Sie sich f\u00fcr die n\u00e4chste Veranstaltung anmelden k\u00f6nnen!\" \/>\n<meta property=\"og:url\" content=\"https:\/\/espattiobrand.com\/de\/geschichten\/messen-kollaborationen-und-showrooms\/exito-rotundo-en-el-evento-le-off-de-paris\/\" \/>\n<meta property=\"og:site_name\" content=\"esPattio\" \/>\n<meta property=\"article:published_time\" content=\"2025-04-07T11:10:15+00:00\" \/>\n<meta property=\"article:modified_time\" content=\"2025-06-13T06:25:18+00:00\" \/>\n<meta property=\"og:image\" content=\"https:\/\/espattiobrand.com\/wp-content\/uploads\/2025\/04\/216A9709-Avec-accentuation-Bruit-1024x683.jpg\" \/>\n\t<meta property=\"og:image:width\" content=\"1024\" \/>\n\t<meta property=\"og:image:height\" content=\"683\" \/>\n\t<meta property=\"og:image:type\" content=\"image\/jpeg\" \/>\n<meta name=\"author\" content=\"esPattio Marketing\" \/>\n<meta name=\"twitter:card\" content=\"summary_large_image\" \/>\n<meta name=\"twitter:label1\" content=\"Verfasst von\" \/>\n\t<meta name=\"twitter:data1\" content=\"esPattio Marketing\" \/>\n\t<meta name=\"twitter:label2\" content=\"Gesch\u00e4tzte Lesezeit\" \/>\n\t<meta name=\"twitter:data2\" content=\"10\u00a0Minuten\" \/>\n<script type=\"application\/ld+json\" class=\"yoast-schema-graph\">{\"@context\":\"https:\/\/schema.org\",\"@graph\":[{\"@type\":\"WebPage\",\"@id\":\"https:\/\/espattiobrand.com\/de\/geschichten\/messen-kollaborationen-und-showrooms\/exito-rotundo-en-el-evento-le-off-de-paris\/\",\"url\":\"https:\/\/espattiobrand.com\/de\/geschichten\/messen-kollaborationen-und-showrooms\/exito-rotundo-en-el-evento-le-off-de-paris\/\",\"name\":\"Erfolg bei der Veranstaltung Le Off in Paris - esPattio\",\"isPartOf\":{\"@id\":\"https:\/\/espattiobrand.com\/de\/#website\"},\"primaryImageOfPage\":{\"@id\":\"https:\/\/espattiobrand.com\/de\/geschichten\/messen-kollaborationen-und-showrooms\/exito-rotundo-en-el-evento-le-off-de-paris\/#primaryimage\"},\"image\":{\"@id\":\"https:\/\/espattiobrand.com\/de\/geschichten\/messen-kollaborationen-und-showrooms\/exito-rotundo-en-el-evento-le-off-de-paris\/#primaryimage\"},\"thumbnailUrl\":\"https:\/\/espattiobrand.com\/wp-content\/uploads\/2025\/04\/216A9709-Avec-accentuation-Bruit.jpg\",\"datePublished\":\"2025-04-07T11:10:15+00:00\",\"dateModified\":\"2025-06-13T06:25:18+00:00\",\"author\":{\"@id\":\"https:\/\/espattiobrand.com\/de\/#\/schema\/person\/7708ee8a1f95b2cc235dd82defcab40f\"},\"description\":\"Besuchen Sie erneut die Le Off-Tage in unserem Showroom in Paris und erfahren Sie, wie Sie sich f\u00fcr die n\u00e4chste Veranstaltung anmelden k\u00f6nnen!\",\"breadcrumb\":{\"@id\":\"https:\/\/espattiobrand.com\/de\/geschichten\/messen-kollaborationen-und-showrooms\/exito-rotundo-en-el-evento-le-off-de-paris\/#breadcrumb\"},\"inLanguage\":\"de\",\"potentialAction\":[{\"@type\":\"ReadAction\",\"target\":[\"https:\/\/espattiobrand.com\/de\/geschichten\/messen-kollaborationen-und-showrooms\/exito-rotundo-en-el-evento-le-off-de-paris\/\"]}]},{\"@type\":\"ImageObject\",\"inLanguage\":\"de\",\"@id\":\"https:\/\/espattiobrand.com\/de\/geschichten\/messen-kollaborationen-und-showrooms\/exito-rotundo-en-el-evento-le-off-de-paris\/#primaryimage\",\"url\":\"https:\/\/espattiobrand.com\/wp-content\/uploads\/2025\/04\/216A9709-Avec-accentuation-Bruit.jpg\",\"contentUrl\":\"https:\/\/espattiobrand.com\/wp-content\/uploads\/2025\/04\/216A9709-Avec-accentuation-Bruit.jpg\",\"width\":2500,\"height\":1667},{\"@type\":\"BreadcrumbList\",\"@id\":\"https:\/\/espattiobrand.com\/de\/geschichten\/messen-kollaborationen-und-showrooms\/exito-rotundo-en-el-evento-le-off-de-paris\/#breadcrumb\",\"itemListElement\":[{\"@type\":\"ListItem\",\"position\":1,\"name\":\"Portada\",\"item\":\"https:\/\/espattiobrand.com\/de\/\"},{\"@type\":\"ListItem\",\"position\":2,\"name\":\"Erfolg bei der Veranstaltung Le Off in Paris\"}]},{\"@type\":\"WebSite\",\"@id\":\"https:\/\/espattiobrand.com\/de\/#website\",\"url\":\"https:\/\/espattiobrand.com\/de\/\",\"name\":\"esPattio\",\"description\":\"\",\"potentialAction\":[{\"@type\":\"SearchAction\",\"target\":{\"@type\":\"EntryPoint\",\"urlTemplate\":\"https:\/\/espattiobrand.com\/de\/?s={search_term_string}\"},\"query-input\":{\"@type\":\"PropertyValueSpecification\",\"valueRequired\":true,\"valueName\":\"search_term_string\"}}],\"inLanguage\":\"de\"},{\"@type\":\"Person\",\"@id\":\"https:\/\/espattiobrand.com\/de\/#\/schema\/person\/7708ee8a1f95b2cc235dd82defcab40f\",\"name\":\"esPattio Marketing\",\"sameAs\":[\"https:\/\/espattiobrand.com\/\"]}]}<\/script>\n<!-- \/ Yoast SEO plugin. -->","yoast_head_json":{"title":"Erfolg bei der Veranstaltung Le Off in Paris - esPattio","description":"Besuchen Sie erneut die Le Off-Tage in unserem Showroom in Paris und erfahren Sie, wie Sie sich f\u00fcr die n\u00e4chste Veranstaltung anmelden k\u00f6nnen!","robots":{"index":"index","follow":"follow","max-snippet":"max-snippet:-1","max-image-preview":"max-image-preview:large","max-video-preview":"max-video-preview:-1"},"canonical":"https:\/\/espattiobrand.com\/de\/geschichten\/messen-kollaborationen-und-showrooms\/exito-rotundo-en-el-evento-le-off-de-paris\/","og_locale":"de_DE","og_type":"article","og_title":"Erfolg bei der Veranstaltung Le Off in Paris - esPattio","og_description":"Besuchen Sie erneut die Le Off-Tage in unserem Showroom in Paris und erfahren Sie, wie Sie sich f\u00fcr die n\u00e4chste Veranstaltung anmelden k\u00f6nnen!","og_url":"https:\/\/espattiobrand.com\/de\/geschichten\/messen-kollaborationen-und-showrooms\/exito-rotundo-en-el-evento-le-off-de-paris\/","og_site_name":"esPattio","article_published_time":"2025-04-07T11:10:15+00:00","article_modified_time":"2025-06-13T06:25:18+00:00","og_image":[{"width":1024,"height":683,"url":"https:\/\/espattiobrand.com\/wp-content\/uploads\/2025\/04\/216A9709-Avec-accentuation-Bruit-1024x683.jpg","type":"image\/jpeg"}],"author":"esPattio Marketing","twitter_card":"summary_large_image","twitter_misc":{"Verfasst von":"esPattio Marketing","Gesch\u00e4tzte Lesezeit":"10\u00a0Minuten"},"schema":{"@context":"https:\/\/schema.org","@graph":[{"@type":"WebPage","@id":"https:\/\/espattiobrand.com\/de\/geschichten\/messen-kollaborationen-und-showrooms\/exito-rotundo-en-el-evento-le-off-de-paris\/","url":"https:\/\/espattiobrand.com\/de\/geschichten\/messen-kollaborationen-und-showrooms\/exito-rotundo-en-el-evento-le-off-de-paris\/","name":"Erfolg bei der Veranstaltung Le Off in Paris - esPattio","isPartOf":{"@id":"https:\/\/espattiobrand.com\/de\/#website"},"primaryImageOfPage":{"@id":"https:\/\/espattiobrand.com\/de\/geschichten\/messen-kollaborationen-und-showrooms\/exito-rotundo-en-el-evento-le-off-de-paris\/#primaryimage"},"image":{"@id":"https:\/\/espattiobrand.com\/de\/geschichten\/messen-kollaborationen-und-showrooms\/exito-rotundo-en-el-evento-le-off-de-paris\/#primaryimage"},"thumbnailUrl":"https:\/\/espattiobrand.com\/wp-content\/uploads\/2025\/04\/216A9709-Avec-accentuation-Bruit.jpg","datePublished":"2025-04-07T11:10:15+00:00","dateModified":"2025-06-13T06:25:18+00:00","author":{"@id":"https:\/\/espattiobrand.com\/de\/#\/schema\/person\/7708ee8a1f95b2cc235dd82defcab40f"},"description":"Besuchen Sie erneut die Le Off-Tage in unserem Showroom in Paris und erfahren Sie, wie Sie sich f\u00fcr die n\u00e4chste Veranstaltung anmelden k\u00f6nnen!","breadcrumb":{"@id":"https:\/\/espattiobrand.com\/de\/geschichten\/messen-kollaborationen-und-showrooms\/exito-rotundo-en-el-evento-le-off-de-paris\/#breadcrumb"},"inLanguage":"de","potentialAction":[{"@type":"ReadAction","target":["https:\/\/espattiobrand.com\/de\/geschichten\/messen-kollaborationen-und-showrooms\/exito-rotundo-en-el-evento-le-off-de-paris\/"]}]},{"@type":"ImageObject","inLanguage":"de","@id":"https:\/\/espattiobrand.com\/de\/geschichten\/messen-kollaborationen-und-showrooms\/exito-rotundo-en-el-evento-le-off-de-paris\/#primaryimage","url":"https:\/\/espattiobrand.com\/wp-content\/uploads\/2025\/04\/216A9709-Avec-accentuation-Bruit.jpg","contentUrl":"https:\/\/espattiobrand.com\/wp-content\/uploads\/2025\/04\/216A9709-Avec-accentuation-Bruit.jpg","width":2500,"height":1667},{"@type":"BreadcrumbList","@id":"https:\/\/espattiobrand.com\/de\/geschichten\/messen-kollaborationen-und-showrooms\/exito-rotundo-en-el-evento-le-off-de-paris\/#breadcrumb","itemListElement":[{"@type":"ListItem","position":1,"name":"Portada","item":"https:\/\/espattiobrand.com\/de\/"},{"@type":"ListItem","position":2,"name":"Erfolg bei der Veranstaltung Le Off in Paris"}]},{"@type":"WebSite","@id":"https:\/\/espattiobrand.com\/de\/#website","url":"https:\/\/espattiobrand.com\/de\/","name":"esPattio","description":"","potentialAction":[{"@type":"SearchAction","target":{"@type":"EntryPoint","urlTemplate":"https:\/\/espattiobrand.com\/de\/?s={search_term_string}"},"query-input":{"@type":"PropertyValueSpecification","valueRequired":true,"valueName":"search_term_string"}}],"inLanguage":"de"},{"@type":"Person","@id":"https:\/\/espattiobrand.com\/de\/#\/schema\/person\/7708ee8a1f95b2cc235dd82defcab40f","name":"esPattio Marketing","sameAs":["https:\/\/espattiobrand.com\/"]}]}},"_links":{"self":[{"href":"https:\/\/espattiobrand.com\/de\/wp-json\/wp\/v2\/posts\/12529","targetHints":{"allow":["GET"]}}],"collection":[{"href":"https:\/\/espattiobrand.com\/de\/wp-json\/wp\/v2\/posts"}],"about":[{"href":"https:\/\/espattiobrand.com\/de\/wp-json\/wp\/v2\/types\/post"}],"author":[{"embeddable":true,"href":"https:\/\/espattiobrand.com\/de\/wp-json\/wp\/v2\/users\/2"}],"replies":[{"embeddable":true,"href":"https:\/\/espattiobrand.com\/de\/wp-json\/wp\/v2\/comments?post=12529"}],"version-history":[{"count":3,"href":"https:\/\/espattiobrand.com\/de\/wp-json\/wp\/v2\/posts\/12529\/revisions"}],"predecessor-version":[{"id":12961,"href":"https:\/\/espattiobrand.com\/de\/wp-json\/wp\/v2\/posts\/12529\/revisions\/12961"}],"wp:featuredmedia":[{"embeddable":true,"href":"https:\/\/espattiobrand.com\/de\/wp-json\/wp\/v2\/media\/12365"}],"wp:attachment":[{"href":"https:\/\/espattiobrand.com\/de\/wp-json\/wp\/v2\/media?parent=12529"}],"wp:term":[{"taxonomy":"category","embeddable":true,"href":"https:\/\/espattiobrand.com\/de\/wp-json\/wp\/v2\/categories?post=12529"},{"taxonomy":"post_tag","embeddable":true,"href":"https:\/\/espattiobrand.com\/de\/wp-json\/wp\/v2\/tags?post=12529"}],"curies":[{"name":"wp","href":"https:\/\/api.w.org\/{rel}","templated":true}]}}