{"id":13499,"date":"2025-04-20T08:14:18","date_gmt":"2025-04-20T06:14:18","guid":{"rendered":"https:\/\/espattiobrand.com\/unkategorisiert\/espattio-deslumbra-en-su-debut-en-el-salone-del-mobile-milano\/"},"modified":"2025-06-20T11:02:05","modified_gmt":"2025-06-20T09:02:05","slug":"espattio-begeistert-bei-seinem-debuet-beim-salone-del-mobile-milano","status":"publish","type":"post","link":"https:\/\/espattiobrand.com\/de\/geschichten\/messen-kollaborationen-und-showrooms\/espattio-begeistert-bei-seinem-debuet-beim-salone-del-mobile-milano\/","title":{"rendered":"esPattio gl\u00e4nzt bei seiner Premiere auf dem Salone del Mobile Milano"},"content":{"rendered":"\n<details class=\"wp-block-details is-layout-flow wp-block-details-is-layout-flow\"><summary><em>Vom 8. bis 13. April gab esPattio sein Deb\u00fct auf der ersten Ausgabe des prestigetr\u00e4chtigen Salone del Mobile in Mailand, einer der wichtigsten M\u00f6belmessen der Welt. Die Marke brachte ihre Essenz des S\u00fcdens auf diese internationale B\u00fchne und stach mit einem spektakul\u00e4ren Stand hervor, der die Aufmerksamkeit von Fachleuten und Besuchern gleicherma\u00dfen auf sich zog.<\/em><\/summary>\n<p><\/p>\n<\/details>\n\n\n\n<figure class=\"wp-block-video\"><video controls src=\"https:\/\/espattiobrand.com\/wp-content\/uploads\/2025\/04\/Forma-5-Milan.mp4\"><\/video><\/figure>\n\n\n\n<div class=\"wp-block-columns are-vertically-aligned-center is-layout-flex wp-container-core-columns-is-layout-9d6595d7 wp-block-columns-is-layout-flex\">\n<div class=\"wp-block-column is-vertically-aligned-center is-layout-flow wp-block-column-is-layout-flow\">\n<p><strong>Design ist Emotion, es ist Identit\u00e4t, es ist Herkunft. F\u00fcr esPattio ist es der S\u00fcden. <\/strong>Unsere erste Teilnahme am <strong>Salone del Mobile in Mailand <\/strong>war eine einzigartige Gelegenheit, diese Essenz in das Herz des internationalen Designs zu bringen.<\/p>\n\n\n\n<p><strong>Vom 8. bis 13. April <\/strong>verwandelte sich unser Stand in eine <strong>authentische andalusische Ecke<\/strong>, inspiriert von den traditionellen H\u00f6fen <strong>der wei\u00dfen D\u00f6rfer von C\u00e1diz.<\/strong> Durch eine sorgf\u00e4ltige Inszenierung gelang es uns, die Besucher in den S\u00fcden zu versetzen: <strong>eine umh\u00fcllende Atmosph\u00e4re, die sie einlud, unsere Art, M\u00f6bel zu verstehen, zu f\u00fchlen, zu ber\u00fchren und sich damit zu verbinden.<\/strong><\/p>\n\n\n\n<p>Der Raum kombinierte die \u00c4sthetik unseres Landes mit einer repr\u00e4sentativen Auswahl unserer Kollektionen und zeigte nicht nur das Design der Produkte, sondern auch ihren Kontext, ihre Herkunft und ihre Absicht.<strong> Jedes St\u00fcck erz\u00e4hlte von unserer Identit\u00e4t, unserem Licht und unserer Art, R\u00e4ume zu bewohnen.<\/strong><\/p>\n\n\n\n<p class=\"has-text-align-left\"><strong>Was war das Besondere an dieser Ausgabe f\u00fcr esPattio?<\/strong> Wir erz\u00e4hlen Ihnen in dieser kurzen Chronik von unserem Deb\u00fct auf einer der wichtigsten Veranstaltungen der M\u00f6belbranche.<\/p>\n<\/div>\n\n\n\n<div class=\"wp-block-column is-vertically-aligned-center is-layout-flow wp-block-column-is-layout-flow\">\n<figure class=\"wp-block-image size-large\"><img loading=\"lazy\" decoding=\"async\" width=\"1024\" height=\"689\" src=\"https:\/\/espattiobrand.com\/wp-content\/uploads\/2025\/06\/imagen-editada1-1024x689.jpg\" alt=\"\" class=\"wp-image-12962\" srcset=\"https:\/\/espattiobrand.com\/wp-content\/uploads\/2025\/06\/imagen-editada1-1024x689.jpg 1024w, https:\/\/espattiobrand.com\/wp-content\/uploads\/2025\/06\/imagen-editada1-300x202.jpg 300w, https:\/\/espattiobrand.com\/wp-content\/uploads\/2025\/06\/imagen-editada1-768x516.jpg 768w, https:\/\/espattiobrand.com\/wp-content\/uploads\/2025\/06\/imagen-editada1-1536x1033.jpg 1536w, https:\/\/espattiobrand.com\/wp-content\/uploads\/2025\/06\/imagen-editada1-2048x1377.jpg 2048w\" sizes=\"auto, (max-width: 1024px) 100vw, 1024px\" \/><\/figure>\n\n\n\n<figure class=\"wp-block-image size-large\"><img loading=\"lazy\" decoding=\"async\" width=\"1024\" height=\"683\" src=\"https:\/\/espattiobrand.com\/wp-content\/uploads\/2025\/06\/imagen-editada2-1024x683.jpg\" alt=\"\" class=\"wp-image-12966\" srcset=\"https:\/\/espattiobrand.com\/wp-content\/uploads\/2025\/06\/imagen-editada2-1024x683.jpg 1024w, https:\/\/espattiobrand.com\/wp-content\/uploads\/2025\/06\/imagen-editada2-300x200.jpg 300w, https:\/\/espattiobrand.com\/wp-content\/uploads\/2025\/06\/imagen-editada2-768x512.jpg 768w, https:\/\/espattiobrand.com\/wp-content\/uploads\/2025\/06\/imagen-editada2-1536x1024.jpg 1536w, https:\/\/espattiobrand.com\/wp-content\/uploads\/2025\/06\/imagen-editada2-2048x1366.jpg 2048w\" sizes=\"auto, (max-width: 1024px) 100vw, 1024px\" \/><\/figure>\n\n\n\n<figure class=\"wp-block-image size-large\"><img loading=\"lazy\" decoding=\"async\" width=\"1024\" height=\"683\" src=\"https:\/\/espattiobrand.com\/wp-content\/uploads\/2025\/06\/imagen-editada-3-1024x683.jpg\" alt=\"\" class=\"wp-image-12970\" srcset=\"https:\/\/espattiobrand.com\/wp-content\/uploads\/2025\/06\/imagen-editada-3-1024x683.jpg 1024w, https:\/\/espattiobrand.com\/wp-content\/uploads\/2025\/06\/imagen-editada-3-300x200.jpg 300w, https:\/\/espattiobrand.com\/wp-content\/uploads\/2025\/06\/imagen-editada-3-768x512.jpg 768w, https:\/\/espattiobrand.com\/wp-content\/uploads\/2025\/06\/imagen-editada-3-1536x1025.jpg 1536w, https:\/\/espattiobrand.com\/wp-content\/uploads\/2025\/06\/imagen-editada-3-2048x1366.jpg 2048w\" sizes=\"auto, (max-width: 1024px) 100vw, 1024px\" \/><\/figure>\n<\/div>\n<\/div>\n\n\n\n<div class=\"wp-block-columns are-vertically-aligned-center is-layout-flex wp-container-core-columns-is-layout-9d6595d7 wp-block-columns-is-layout-flex\">\n<div class=\"wp-block-column is-vertically-aligned-center is-layout-flow wp-block-column-is-layout-flow\">\n<figure class=\"wp-block-image size-large\"><img loading=\"lazy\" decoding=\"async\" width=\"1024\" height=\"683\" src=\"https:\/\/espattiobrand.com\/wp-content\/uploads\/2025\/06\/imagen-editada-4-1024x683.jpg\" alt=\"\" class=\"wp-image-12974\" srcset=\"https:\/\/espattiobrand.com\/wp-content\/uploads\/2025\/06\/imagen-editada-4-1024x683.jpg 1024w, https:\/\/espattiobrand.com\/wp-content\/uploads\/2025\/06\/imagen-editada-4-300x200.jpg 300w, https:\/\/espattiobrand.com\/wp-content\/uploads\/2025\/06\/imagen-editada-4-768x512.jpg 768w, https:\/\/espattiobrand.com\/wp-content\/uploads\/2025\/06\/imagen-editada-4-1536x1025.jpg 1536w, https:\/\/espattiobrand.com\/wp-content\/uploads\/2025\/06\/imagen-editada-4-2048x1366.jpg 2048w\" sizes=\"auto, (max-width: 1024px) 100vw, 1024px\" \/><\/figure>\n\n\n\n<figure class=\"wp-block-image size-large\"><img loading=\"lazy\" decoding=\"async\" width=\"1024\" height=\"683\" src=\"https:\/\/espattiobrand.com\/wp-content\/uploads\/2025\/06\/imagen-editada-5-1024x683.jpg\" alt=\"\" class=\"wp-image-12978\" srcset=\"https:\/\/espattiobrand.com\/wp-content\/uploads\/2025\/06\/imagen-editada-5-1024x683.jpg 1024w, https:\/\/espattiobrand.com\/wp-content\/uploads\/2025\/06\/imagen-editada-5-300x200.jpg 300w, https:\/\/espattiobrand.com\/wp-content\/uploads\/2025\/06\/imagen-editada-5-768x512.jpg 768w, https:\/\/espattiobrand.com\/wp-content\/uploads\/2025\/06\/imagen-editada-5-1536x1024.jpg 1536w, https:\/\/espattiobrand.com\/wp-content\/uploads\/2025\/06\/imagen-editada-5-2048x1366.jpg 2048w\" sizes=\"auto, (max-width: 1024px) 100vw, 1024px\" \/><\/figure>\n\n\n\n<figure class=\"wp-block-image size-large\"><img loading=\"lazy\" decoding=\"async\" width=\"1024\" height=\"815\" src=\"https:\/\/espattiobrand.com\/wp-content\/uploads\/2025\/06\/imagen-editada-6-1024x815.jpg\" alt=\"\" class=\"wp-image-12982\" srcset=\"https:\/\/espattiobrand.com\/wp-content\/uploads\/2025\/06\/imagen-editada-6-1024x815.jpg 1024w, https:\/\/espattiobrand.com\/wp-content\/uploads\/2025\/06\/imagen-editada-6-300x239.jpg 300w, https:\/\/espattiobrand.com\/wp-content\/uploads\/2025\/06\/imagen-editada-6-768x611.jpg 768w, https:\/\/espattiobrand.com\/wp-content\/uploads\/2025\/06\/imagen-editada-6-1536x1223.jpg 1536w, https:\/\/espattiobrand.com\/wp-content\/uploads\/2025\/06\/imagen-editada-6-2048x1630.jpg 2048w\" sizes=\"auto, (max-width: 1024px) 100vw, 1024px\" \/><\/figure>\n\n\n\n<figure class=\"wp-block-image size-large\"><img loading=\"lazy\" decoding=\"async\" width=\"1024\" height=\"683\" src=\"https:\/\/espattiobrand.com\/wp-content\/uploads\/2025\/06\/imagen-editada-7-1024x683.jpg\" alt=\"\" class=\"wp-image-12986\" srcset=\"https:\/\/espattiobrand.com\/wp-content\/uploads\/2025\/06\/imagen-editada-7-1024x683.jpg 1024w, https:\/\/espattiobrand.com\/wp-content\/uploads\/2025\/06\/imagen-editada-7-300x200.jpg 300w, https:\/\/espattiobrand.com\/wp-content\/uploads\/2025\/06\/imagen-editada-7-768x512.jpg 768w, https:\/\/espattiobrand.com\/wp-content\/uploads\/2025\/06\/imagen-editada-7-1536x1025.jpg 1536w, https:\/\/espattiobrand.com\/wp-content\/uploads\/2025\/06\/imagen-editada-7-2048x1366.jpg 2048w\" sizes=\"auto, (max-width: 1024px) 100vw, 1024px\" \/><\/figure>\n\n\n\n<figure class=\"wp-block-image size-large\"><img loading=\"lazy\" decoding=\"async\" width=\"1024\" height=\"683\" src=\"https:\/\/espattiobrand.com\/wp-content\/uploads\/2025\/06\/imagen-editada-8-1024x683.jpg\" alt=\"\" class=\"wp-image-12990\" srcset=\"https:\/\/espattiobrand.com\/wp-content\/uploads\/2025\/06\/imagen-editada-8-1024x683.jpg 1024w, https:\/\/espattiobrand.com\/wp-content\/uploads\/2025\/06\/imagen-editada-8-300x200.jpg 300w, https:\/\/espattiobrand.com\/wp-content\/uploads\/2025\/06\/imagen-editada-8-768x512.jpg 768w, https:\/\/espattiobrand.com\/wp-content\/uploads\/2025\/06\/imagen-editada-8-1536x1024.jpg 1536w, https:\/\/espattiobrand.com\/wp-content\/uploads\/2025\/06\/imagen-editada-8-2048x1366.jpg 2048w\" sizes=\"auto, (max-width: 1024px) 100vw, 1024px\" \/><\/figure>\n\n\n\n<figure class=\"wp-block-image size-large\"><img loading=\"lazy\" decoding=\"async\" width=\"1024\" height=\"768\" src=\"https:\/\/espattiobrand.com\/wp-content\/uploads\/2025\/06\/imagen-editada-9-1024x768.jpg\" alt=\"\" class=\"wp-image-12994\" srcset=\"https:\/\/espattiobrand.com\/wp-content\/uploads\/2025\/06\/imagen-editada-9-1024x768.jpg 1024w, https:\/\/espattiobrand.com\/wp-content\/uploads\/2025\/06\/imagen-editada-9-300x225.jpg 300w, https:\/\/espattiobrand.com\/wp-content\/uploads\/2025\/06\/imagen-editada-9-768x576.jpg 768w, https:\/\/espattiobrand.com\/wp-content\/uploads\/2025\/06\/imagen-editada-9-1536x1151.jpg 1536w, https:\/\/espattiobrand.com\/wp-content\/uploads\/2025\/06\/imagen-editada-9-2048x1535.jpg 2048w\" sizes=\"auto, (max-width: 1024px) 100vw, 1024px\" \/><\/figure>\n<\/div>\n\n\n\n<div class=\"wp-block-column is-vertically-aligned-center is-layout-flow wp-block-column-is-layout-flow\">\n<h2 class=\"wp-block-heading\">Mail\u00e4nder M\u00f6belmesse: Ein Deb\u00fct mit alma del Sur<\/h2>\n\n\n\n<p><strong>Vom 8. bis 13. April gab esPattio sein Deb\u00fct auf dem renommierten Salone del Mobile in Mailand mit einem Vorschlag, der nicht unbemerkt blieb<\/strong>. Bei dieser ersten Teilnahme brachte die Marke in das Epizentrum des internationalen Designs die <strong>Essenz des S\u00fcdens,<\/strong> neu interpretiert durch einen spektakul\u00e4ren Stand, der die Architektur, das Licht und den Charakter der <strong>wei\u00dfen D\u00f6rfer von C\u00e1diz<\/strong> heraufbeschwor. Inspiriert von einem traditionellen <strong>andalusischen Hof<\/strong>, wurde der Raum so konzipiert, dass er direkt die Identit\u00e4t von esPattio vermittelt: warm, einladend und tief in seinen Urspr\u00fcngen verwurzelt.<\/p>\n\n\n\n<p><strong>Es war mehr als nur eine Pr\u00e4sentation<a href=\"https:\/\/espattiobrand.com\/de\/sammlung\/\"> unserer Entw\u00fcrfe<\/a>, es war eine sinnliche Erfahrung.<\/strong> Wer den Stand besuchte, entdeckte nicht nur unsere Kollektionen, sondern tauchte auch in eine umh\u00fcllende und authentische Atmosph\u00e4re ein, in der jedes Element &#8211; von der Wahl der Materialien bis zur Beleuchtung und Gestaltung des Raums &#8211; die Seele der Marke widerspiegelte.<\/p>\n\n\n\n<p>Zu sehen waren unter anderem die Besprechungstische <strong>der Serie Baelo, die von <a href=\"https:\/\/espattiobrand.com\/de\/designers\/pearson-lloid\/\">Pearson Lloyd <\/a>entworfenen B\u00fccherregale Libro<\/strong> und die St\u00fchle der <strong>Serie Abril<\/strong>, die alle in einem sorgf\u00e4ltig inszenierten Rahmen pr\u00e4sentiert wurden. Dar\u00fcber hinaus wurden verschiedene Loungebereiche mit repr\u00e4sentativen <strong>St\u00fccken aus den Kollektionen Amivera, Pausa und Marina <\/strong>nachgebildet, um die Vielseitigkeit des esPattio-Katalogs zu demonstrieren. Als exklusiver Vorgeschmack wurden auch k\u00fcnftige Neueinf\u00fchrungen pr\u00e4sentiert, die bei den Besuchern<strong> gro\u00dfes Interesse und gro\u00dfe <\/strong>Erwartungen weckten.<\/p>\n\n\n\n<p>Abgerundet wurde das Erlebnis durch ein <strong>sorgf\u00e4ltig ausgew\u00e4hltes gastronomisches Angebot<\/strong> auf der Grundlage von Produkten aus dem S\u00fcden, das den Besuch begleitete und die emotionale Verbindung mit unserem Land verst\u00e4rkte. Jede Begegnung am Stand wurde so zu einem Moment des Genusses, der N\u00e4he und der Entdeckung, bei dem <strong>Design, Kultur und Gastfreundschaft auf nat\u00fcrliche Weise zusammenkamen.<\/strong><\/p>\n\n\n\n<p><strong>Unser Deb\u00fct in Mailand war viel mehr als nur die Teilnahme an einer Veranstaltung: Es war eine Absichtserkl\u00e4rung.<\/strong> Eine M\u00f6glichkeit, der Welt zu zeigen, wer wir sind, woher wir kommen und wohin wir gehen. Eine offene Einladung, weiterhin alles zu erkunden, was <strong>esPattio<\/strong> zu bieten hat.<\/p>\n<\/div>\n<\/div>\n\n\n\n<figure class=\"wp-block-gallery has-nested-images columns-default is-cropped wp-block-gallery-1 is-layout-flex wp-block-gallery-is-layout-flex\">\n<figure class=\"wp-block-image size-large\"><img loading=\"lazy\" decoding=\"async\" width=\"1024\" height=\"683\" data-id=\"12998\" src=\"https:\/\/espattiobrand.com\/wp-content\/uploads\/2025\/06\/imagen-editada-10-1024x683.jpg\" alt=\"\" class=\"wp-image-12998\" srcset=\"https:\/\/espattiobrand.com\/wp-content\/uploads\/2025\/06\/imagen-editada-10-1024x683.jpg 1024w, https:\/\/espattiobrand.com\/wp-content\/uploads\/2025\/06\/imagen-editada-10-300x200.jpg 300w, https:\/\/espattiobrand.com\/wp-content\/uploads\/2025\/06\/imagen-editada-10-768x512.jpg 768w, https:\/\/espattiobrand.com\/wp-content\/uploads\/2025\/06\/imagen-editada-10-1536x1025.jpg 1536w, https:\/\/espattiobrand.com\/wp-content\/uploads\/2025\/06\/imagen-editada-10-2048x1366.jpg 2048w\" sizes=\"auto, (max-width: 1024px) 100vw, 1024px\" \/><\/figure>\n\n\n\n<figure class=\"wp-block-image size-large\"><img loading=\"lazy\" decoding=\"async\" width=\"1024\" height=\"683\" data-id=\"13002\" src=\"https:\/\/espattiobrand.com\/wp-content\/uploads\/2025\/06\/imagen-editada-11-1024x683.jpg\" alt=\"\" class=\"wp-image-13002\" srcset=\"https:\/\/espattiobrand.com\/wp-content\/uploads\/2025\/06\/imagen-editada-11-1024x683.jpg 1024w, https:\/\/espattiobrand.com\/wp-content\/uploads\/2025\/06\/imagen-editada-11-300x200.jpg 300w, https:\/\/espattiobrand.com\/wp-content\/uploads\/2025\/06\/imagen-editada-11-768x512.jpg 768w, https:\/\/espattiobrand.com\/wp-content\/uploads\/2025\/06\/imagen-editada-11-1536x1024.jpg 1536w, https:\/\/espattiobrand.com\/wp-content\/uploads\/2025\/06\/imagen-editada-11-2048x1366.jpg 2048w\" sizes=\"auto, (max-width: 1024px) 100vw, 1024px\" \/><\/figure>\n\n\n\n<figure class=\"wp-block-image size-large\"><img loading=\"lazy\" decoding=\"async\" width=\"1024\" height=\"683\" data-id=\"13006\" src=\"https:\/\/espattiobrand.com\/wp-content\/uploads\/2025\/06\/imagen-editada-12-1024x683.jpg\" alt=\"\" class=\"wp-image-13006\" srcset=\"https:\/\/espattiobrand.com\/wp-content\/uploads\/2025\/06\/imagen-editada-12-1024x683.jpg 1024w, https:\/\/espattiobrand.com\/wp-content\/uploads\/2025\/06\/imagen-editada-12-300x200.jpg 300w, https:\/\/espattiobrand.com\/wp-content\/uploads\/2025\/06\/imagen-editada-12-768x512.jpg 768w, https:\/\/espattiobrand.com\/wp-content\/uploads\/2025\/06\/imagen-editada-12-1536x1024.jpg 1536w, https:\/\/espattiobrand.com\/wp-content\/uploads\/2025\/06\/imagen-editada-12-2048x1366.jpg 2048w\" sizes=\"auto, (max-width: 1024px) 100vw, 1024px\" \/><\/figure>\n<\/figure>\n\n\n\n<figure class=\"wp-block-gallery has-nested-images columns-default is-cropped wp-block-gallery-2 is-layout-flex wp-block-gallery-is-layout-flex\">\n<figure class=\"wp-block-image size-large\"><img loading=\"lazy\" decoding=\"async\" width=\"1024\" height=\"683\" data-id=\"13010\" src=\"https:\/\/espattiobrand.com\/wp-content\/uploads\/2025\/06\/imagen-editada-13-1024x683.jpg\" alt=\"\" class=\"wp-image-13010\" srcset=\"https:\/\/espattiobrand.com\/wp-content\/uploads\/2025\/06\/imagen-editada-13-1024x683.jpg 1024w, https:\/\/espattiobrand.com\/wp-content\/uploads\/2025\/06\/imagen-editada-13-300x200.jpg 300w, https:\/\/espattiobrand.com\/wp-content\/uploads\/2025\/06\/imagen-editada-13-768x512.jpg 768w, https:\/\/espattiobrand.com\/wp-content\/uploads\/2025\/06\/imagen-editada-13-1536x1024.jpg 1536w, https:\/\/espattiobrand.com\/wp-content\/uploads\/2025\/06\/imagen-editada-13-2048x1366.jpg 2048w\" sizes=\"auto, (max-width: 1024px) 100vw, 1024px\" \/><\/figure>\n\n\n\n<figure class=\"wp-block-image size-large\"><img loading=\"lazy\" decoding=\"async\" width=\"1024\" height=\"683\" data-id=\"13014\" src=\"https:\/\/espattiobrand.com\/wp-content\/uploads\/2025\/06\/imagen-editada-14-1024x683.jpg\" alt=\"\" class=\"wp-image-13014\" srcset=\"https:\/\/espattiobrand.com\/wp-content\/uploads\/2025\/06\/imagen-editada-14-1024x683.jpg 1024w, https:\/\/espattiobrand.com\/wp-content\/uploads\/2025\/06\/imagen-editada-14-300x200.jpg 300w, https:\/\/espattiobrand.com\/wp-content\/uploads\/2025\/06\/imagen-editada-14-768x512.jpg 768w, https:\/\/espattiobrand.com\/wp-content\/uploads\/2025\/06\/imagen-editada-14-1536x1024.jpg 1536w, https:\/\/espattiobrand.com\/wp-content\/uploads\/2025\/06\/imagen-editada-14-2048x1366.jpg 2048w\" sizes=\"auto, (max-width: 1024px) 100vw, 1024px\" \/><\/figure>\n\n\n\n<figure class=\"wp-block-image size-large\"><img loading=\"lazy\" decoding=\"async\" width=\"1024\" height=\"683\" data-id=\"13018\" src=\"https:\/\/espattiobrand.com\/wp-content\/uploads\/2025\/06\/imagen-editada-15-1024x683.jpg\" alt=\"\" class=\"wp-image-13018\" srcset=\"https:\/\/espattiobrand.com\/wp-content\/uploads\/2025\/06\/imagen-editada-15-1024x683.jpg 1024w, https:\/\/espattiobrand.com\/wp-content\/uploads\/2025\/06\/imagen-editada-15-300x200.jpg 300w, https:\/\/espattiobrand.com\/wp-content\/uploads\/2025\/06\/imagen-editada-15-768x512.jpg 768w, https:\/\/espattiobrand.com\/wp-content\/uploads\/2025\/06\/imagen-editada-15-1536x1024.jpg 1536w, https:\/\/espattiobrand.com\/wp-content\/uploads\/2025\/06\/imagen-editada-15-2048x1366.jpg 2048w\" sizes=\"auto, (max-width: 1024px) 100vw, 1024px\" \/><\/figure>\n<\/figure>\n\n\n\n<div style=\"height:50px\" aria-hidden=\"true\" class=\"wp-block-spacer\"><\/div>\n\n\n\n<h2 class=\"wp-block-heading\">Salone del Mobile, eine Gelegenheit, unser Netzwerk in Europa zu erweitern<\/h2>\n\n\n\n<p>Der <a href=\"https:\/\/www.salonemilano.it\/en\">Salone del Mobile Mailand 2025 <\/a><strong>stellte f\u00fcr esPattio eine strategische Gelegenheit da<\/strong>r, nicht nur als internationales Schaufenster f\u00fcr unsere Kollektionen, sondern auch als wichtige Plattform f\u00fcr den Aufbau von Beziehungen <strong>zu neuen Partnern <\/strong>auf dem italienischen und europ\u00e4ischen Markt. Diese erste Teilnahme unterstreicht unsere globale Berufung und unser Engagement f\u00fcr ein Design, das vom S\u00fcden aus ein Publikum in der ganzen Welt ansprechen m\u00f6chte.Salone del Mobile, eine Gelegenheit, unser Netzwerk in Europa zu erweitern<\/p>\n\n\n\n<p><strong>Als Marke mit einer klaren internationalen Ausrichtung setzt esPattio seine Mission fort,<\/strong> die Essenz des S\u00fcdens durch St\u00fccke zu exportieren, die Identit\u00e4t, Funktionalit\u00e4t und Charakter miteinander verbinden. Der Salone war der ideale Ort, um diesen einzigartigen Vorschlag zu pr\u00e4sentieren und der internationalen Gemeinschaft den Reichtum unseres kreativen Ansatzes zu zeigen.<\/p>\n\n\n\n<p>W\u00e4hrend der Veranstaltung, <strong>die von Fachleuten aus der Branche<\/strong> &#8211; Designern, Architekten, Kunden, H\u00e4ndlern, der Fachpresse und anderen &#8211; gut besucht war, konnten die Besucher einige der repr\u00e4sentativsten Entw\u00fcrfe unseres Unternehmens aus n\u00e4chster N\u00e4he betrachten. <strong>Darunter die Sofas Amivera und Pausa, die Sessel Marina, die Besprechungstische Baelo sowie die St\u00fchle Abril und Bika<\/strong>, die durch ihr sorgf\u00e4ltiges Design und ihre Vielseitigkeit auffielen. Im Mittelpunkt des Interesses stand jedoch der <strong>Hocker Platero<\/strong>, der durch sein innovatives Design, <strong>seine Funktionalit\u00e4t und seine einzigartige \u00c4sthetik auf gro\u00dfes Interesse stie\u00df.<\/strong><\/p>\n\n\n\n<p>Dar\u00fcber hinaus konnten wir auf der Messe einen weiteren unserer gro\u00dfen Unterscheidungsmerkmale hervorheben: <strong>die gro\u00dfe Vielfalt an Stoffen in unserem Katalog<\/strong>, die jedem St\u00fcck einen visuellen, sensorischen und konzeptionellen Reichtum verleiht. Diese Vielfalt spiegelt nicht nur unser Engagement f\u00fcr Personalisierung und Details wider, sondern auch f\u00fcr Nachhaltigkeit, <strong>Qualit\u00e4t und Innovation als Eckpfeiler<\/strong> unseres Wertversprechens. <strong>Der Salone del Mobile 2025 war kein Ankunftsort<\/strong>, sondern der Beginn einer ambitionierten Reise. <strong>Ein wichtiger Schritt in der internationalen Expansions- und Konsolidierungsstrategie von <\/strong>esPattio, in der wir weiterhin das Licht, die W\u00e4rme und die Identit\u00e4t des S\u00fcdens in neue Szenarien einbringen und<strong> Design, Kultur und Innovation in jedem Projekt vereinen werden.<\/strong><\/p>\n\n\n\n<figure class=\"wp-block-gallery has-nested-images columns-default is-cropped wp-block-gallery-3 is-layout-flex wp-block-gallery-is-layout-flex\">\n<figure class=\"wp-block-image size-large\"><img loading=\"lazy\" decoding=\"async\" width=\"1024\" height=\"683\" data-id=\"13022\" src=\"https:\/\/espattiobrand.com\/wp-content\/uploads\/2025\/06\/imagen-editada-16-1024x683.jpg\" alt=\"\" class=\"wp-image-13022\" srcset=\"https:\/\/espattiobrand.com\/wp-content\/uploads\/2025\/06\/imagen-editada-16-1024x683.jpg 1024w, https:\/\/espattiobrand.com\/wp-content\/uploads\/2025\/06\/imagen-editada-16-300x200.jpg 300w, https:\/\/espattiobrand.com\/wp-content\/uploads\/2025\/06\/imagen-editada-16-768x512.jpg 768w, https:\/\/espattiobrand.com\/wp-content\/uploads\/2025\/06\/imagen-editada-16-1536x1024.jpg 1536w, https:\/\/espattiobrand.com\/wp-content\/uploads\/2025\/06\/imagen-editada-16-2048x1366.jpg 2048w\" sizes=\"auto, (max-width: 1024px) 100vw, 1024px\" \/><\/figure>\n\n\n\n<figure class=\"wp-block-image size-large\"><img loading=\"lazy\" decoding=\"async\" width=\"1024\" height=\"683\" data-id=\"13026\" src=\"https:\/\/espattiobrand.com\/wp-content\/uploads\/2025\/06\/imagen-editada-17-1024x683.jpg\" alt=\"\" class=\"wp-image-13026\" srcset=\"https:\/\/espattiobrand.com\/wp-content\/uploads\/2025\/06\/imagen-editada-17-1024x683.jpg 1024w, https:\/\/espattiobrand.com\/wp-content\/uploads\/2025\/06\/imagen-editada-17-300x200.jpg 300w, https:\/\/espattiobrand.com\/wp-content\/uploads\/2025\/06\/imagen-editada-17-768x512.jpg 768w, https:\/\/espattiobrand.com\/wp-content\/uploads\/2025\/06\/imagen-editada-17-1536x1024.jpg 1536w, https:\/\/espattiobrand.com\/wp-content\/uploads\/2025\/06\/imagen-editada-17-2048x1366.jpg 2048w\" sizes=\"auto, (max-width: 1024px) 100vw, 1024px\" \/><\/figure>\n\n\n\n<figure class=\"wp-block-image size-large\"><img loading=\"lazy\" decoding=\"async\" width=\"1024\" height=\"683\" data-id=\"13030\" src=\"https:\/\/espattiobrand.com\/wp-content\/uploads\/2025\/06\/imagen-editada-18-1024x683.jpg\" alt=\"\" class=\"wp-image-13030\" srcset=\"https:\/\/espattiobrand.com\/wp-content\/uploads\/2025\/06\/imagen-editada-18-1024x683.jpg 1024w, https:\/\/espattiobrand.com\/wp-content\/uploads\/2025\/06\/imagen-editada-18-300x200.jpg 300w, https:\/\/espattiobrand.com\/wp-content\/uploads\/2025\/06\/imagen-editada-18-768x512.jpg 768w, https:\/\/espattiobrand.com\/wp-content\/uploads\/2025\/06\/imagen-editada-18-1536x1024.jpg 1536w, https:\/\/espattiobrand.com\/wp-content\/uploads\/2025\/06\/imagen-editada-18-2048x1366.jpg 2048w\" sizes=\"auto, (max-width: 1024px) 100vw, 1024px\" \/><\/figure>\n<\/figure>\n\n\n\n<figure class=\"wp-block-gallery has-nested-images columns-default is-cropped wp-block-gallery-4 is-layout-flex wp-block-gallery-is-layout-flex\">\n<figure class=\"wp-block-image size-large\"><img loading=\"lazy\" decoding=\"async\" width=\"1024\" height=\"683\" data-id=\"13034\" src=\"https:\/\/espattiobrand.com\/wp-content\/uploads\/2025\/06\/imagene-ditada-19-1024x683.jpg\" alt=\"\" class=\"wp-image-13034\" srcset=\"https:\/\/espattiobrand.com\/wp-content\/uploads\/2025\/06\/imagene-ditada-19-1024x683.jpg 1024w, https:\/\/espattiobrand.com\/wp-content\/uploads\/2025\/06\/imagene-ditada-19-300x200.jpg 300w, https:\/\/espattiobrand.com\/wp-content\/uploads\/2025\/06\/imagene-ditada-19-768x512.jpg 768w, https:\/\/espattiobrand.com\/wp-content\/uploads\/2025\/06\/imagene-ditada-19-1536x1024.jpg 1536w, https:\/\/espattiobrand.com\/wp-content\/uploads\/2025\/06\/imagene-ditada-19-2048x1366.jpg 2048w\" sizes=\"auto, (max-width: 1024px) 100vw, 1024px\" \/><\/figure>\n\n\n\n<figure class=\"wp-block-image size-large\"><img loading=\"lazy\" decoding=\"async\" width=\"1024\" height=\"683\" data-id=\"13038\" src=\"https:\/\/espattiobrand.com\/wp-content\/uploads\/2025\/06\/imagen-editada-20-1024x683.jpg\" alt=\"\" class=\"wp-image-13038\" srcset=\"https:\/\/espattiobrand.com\/wp-content\/uploads\/2025\/06\/imagen-editada-20-1024x683.jpg 1024w, https:\/\/espattiobrand.com\/wp-content\/uploads\/2025\/06\/imagen-editada-20-300x200.jpg 300w, https:\/\/espattiobrand.com\/wp-content\/uploads\/2025\/06\/imagen-editada-20-768x512.jpg 768w, https:\/\/espattiobrand.com\/wp-content\/uploads\/2025\/06\/imagen-editada-20-1536x1024.jpg 1536w, https:\/\/espattiobrand.com\/wp-content\/uploads\/2025\/06\/imagen-editada-20-2048x1366.jpg 2048w\" sizes=\"auto, (max-width: 1024px) 100vw, 1024px\" \/><\/figure>\n\n\n\n<figure class=\"wp-block-image size-large\"><img loading=\"lazy\" decoding=\"async\" width=\"1024\" height=\"683\" data-id=\"13042\" src=\"https:\/\/espattiobrand.com\/wp-content\/uploads\/2025\/06\/imagen-editada-21-1024x683.jpg\" alt=\"\" class=\"wp-image-13042\" srcset=\"https:\/\/espattiobrand.com\/wp-content\/uploads\/2025\/06\/imagen-editada-21-1024x683.jpg 1024w, https:\/\/espattiobrand.com\/wp-content\/uploads\/2025\/06\/imagen-editada-21-300x200.jpg 300w, https:\/\/espattiobrand.com\/wp-content\/uploads\/2025\/06\/imagen-editada-21-768x512.jpg 768w, https:\/\/espattiobrand.com\/wp-content\/uploads\/2025\/06\/imagen-editada-21-1536x1024.jpg 1536w, https:\/\/espattiobrand.com\/wp-content\/uploads\/2025\/06\/imagen-editada-21-2048x1366.jpg 2048w\" sizes=\"auto, (max-width: 1024px) 100vw, 1024px\" \/><\/figure>\n<\/figure>\n\n\n\n<h3 class=\"wp-block-heading\">M\u00f6chten Sie an einer unserer n\u00e4chsten Veranstaltungen teilnehmen?<\/h3>\n\n\n\n<p><strong>Die Teilnahme am Salone del Mobile Mailand ist nur eine der vielen Veranstaltungen, die esPattio f\u00fcr 2025 geplant hat, und wir hoffen<\/strong>, dass sie alle ein voller Erfolg werden. M\u00f6chten Sie erfahren, wie Sie an einer unserer kommenden Veranstaltungen teilnehmen k\u00f6nnen? <em>Hier finden Sie eine Liste der wichtigsten Messen und Ausstellungen, auf denen wir in diesem Jahr vertreten sein werden:<\/em><\/p>\n\n\n\n<ul class=\"wp-block-list\">\n<li><strong>Clerkenwell Design Week &#8211; Londres &#8211; Ma<\/strong>i<\/li>\n\n\n\n<li><strong>Der Design-Arbeitsbereich &#8211; Madrid &#8211; Mai<\/strong><\/li>\n\n\n\n<li><strong>Fulton Market &#8211; Chicago &#8211; Jun<\/strong>i<\/li>\n\n\n\n<li><strong>3 Tage des Designs &#8211; Kopenhagen &#8211; Juni<\/strong><\/li>\n<\/ul>\n\n\n\n<figure class=\"wp-block-image size-full is-resized\"><img loading=\"lazy\" decoding=\"async\" width=\"600\" height=\"380\" src=\"https:\/\/espattiobrand.com\/wp-content\/uploads\/2025\/06\/Fulton25_firma.jpg\" alt=\"\" class=\"wp-image-12936\" style=\"width:230px;height:auto\" srcset=\"https:\/\/espattiobrand.com\/wp-content\/uploads\/2025\/06\/Fulton25_firma.jpg 600w, https:\/\/espattiobrand.com\/wp-content\/uploads\/2025\/06\/Fulton25_firma-300x190.jpg 300w\" sizes=\"auto, (max-width: 600px) 100vw, 600px\" \/><\/figure>\n\n\n\n<p><\/p>\n\n\n\n<p>Wenn Sie dar\u00fcber hinaus Einladungen zu den Veranstaltungen erhalten m\u00f6chten, die wir in unseren Ausstellungsr\u00e4umen auf der ganzen Welt organisieren, klicken Sie einfach auf die Registerkarte <a href=\"https:\/\/espattiobrand.com\/de\/kontakt\/\">Kontakt <\/a>und setzen Sie sich mit dem Vertriebsmitarbeiter in Ihrer N\u00e4he in Verbindung. Auf diese Weise werden Sie nicht nur Teil der wunderbaren <strong>esPattio-Familie<\/strong>, sondern Sie erfahren auch als Erster von unseren neuesten Nachrichten und haben exklusiven Zugang zu all unseren Aktivit\u00e4ten.<\/p>\n\n\n\n<p>Die Teilnahme an diesen Veranstaltungen ist eine hervorragende Gelegenheit, Ihr Kontaktnetz in der Branche zu erweitern, an Verlosungen exklusiver M\u00f6belst\u00fccke teilzunehmen, <strong>esPattio<\/strong>-Merchandising zu erwerben und Besuche in Sevilla zu organisieren, um unsere zentralen Einrichtungen und das Team, das unsere Marke m\u00f6glich macht, kennenzulernen &#8211; eine einzigartige Erfahrung, <strong>die Sie sich nicht entgehen lassen sollten!<\/strong><\/p>\n\n\n\n<p>Abschlie\u00dfend m\u00f6chte sich die gesamte <strong>esPattio<\/strong>-Familie bei allen Partnern bedanken, die uns bei unserer ersten Teilnahme am Salone del Mobile 2025 begleitet haben, wie z. B. <a href=\"https:\/\/www.jorgeherrera.es\/\">Jorge Herrera Studio<\/a> f\u00fcr die Gestaltung unseres Standes und die Firma Todobarro aus Malaga f\u00fcr einen Teil der Requisiten.<\/p>\n\n\n\n<p>Es war uns ein Vergn\u00fcgen, Sie zu begr\u00fc\u00dfen, und wir hoffen auf ein baldiges Wiedersehen bei den n\u00e4chsten Ausgaben des Salone del Mobile 2025.<\/p>\n\n\n\n<p><strong>\u00a1A presto, Milano!<\/strong><\/p>\n\n\n\n<p><\/p>\n","protected":false},"excerpt":{"rendered":"<p>Design ist Emotion, es ist Identit\u00e4t, es ist Herkunft. F\u00fcr esPattio ist es der S\u00fcden. Unsere erste Teilnahme am Salone del Mobile in Mailand war eine einzigartige Gelegenheit, diese Essenz in das Herz des internationalen Designs zu bringen. Vom 8. bis 13. April verwandelte sich unser Stand in eine authentische andalusische Ecke, inspiriert von den [&hellip;]<\/p>\n","protected":false},"author":4,"featured_media":13001,"comment_status":"closed","ping_status":"closed","sticky":false,"template":"","format":"standard","meta":{"_acf_changed":false,"footnotes":""},"categories":[83,89],"tags":[163,192],"class_list":["post-13499","post","type-post","status-publish","format-standard","has-post-thumbnail","hentry","category-geschichten","category-messen-kollaborationen-und-showrooms","tag-eventos-de","tag-internacional-de"],"acf":[],"yoast_head":"<!-- This site is optimized with the Yoast SEO plugin v25.3 - https:\/\/yoast.com\/wordpress\/plugins\/seo\/ -->\n<title>Salone del Mobile 2025 - esPattio<\/title>\n<meta name=\"description\" content=\"esPattio llev\u00f3 el alma del Sur al Salone del Mobile de Mil\u00e1n con un stand que respiraba identidad y dise\u00f1o. Descubre nuestra experiencia.\" \/>\n<meta name=\"robots\" content=\"index, follow, max-snippet:-1, max-image-preview:large, max-video-preview:-1\" \/>\n<link rel=\"canonical\" href=\"https:\/\/espattiobrand.com\/de\/geschichten\/messen-kollaborationen-und-showrooms\/espattio-begeistert-bei-seinem-debuet-beim-salone-del-mobile-milano\/\" \/>\n<meta property=\"og:locale\" content=\"de_DE\" \/>\n<meta property=\"og:type\" content=\"article\" \/>\n<meta property=\"og:title\" content=\"Salone del Mobile 2025 - esPattio\" \/>\n<meta property=\"og:description\" content=\"esPattio llev\u00f3 el alma del Sur al Salone del Mobile de Mil\u00e1n con un stand que respiraba identidad y dise\u00f1o. Descubre nuestra experiencia.\" \/>\n<meta property=\"og:url\" content=\"https:\/\/espattiobrand.com\/de\/geschichten\/messen-kollaborationen-und-showrooms\/espattio-begeistert-bei-seinem-debuet-beim-salone-del-mobile-milano\/\" \/>\n<meta property=\"og:site_name\" content=\"esPattio\" \/>\n<meta property=\"article:published_time\" content=\"2025-04-20T06:14:18+00:00\" \/>\n<meta property=\"article:modified_time\" content=\"2025-06-20T09:02:05+00:00\" \/>\n<meta property=\"og:image\" content=\"https:\/\/espattiobrand.com\/wp-content\/uploads\/2025\/06\/imagen-editada-10.jpg\" \/>\n\t<meta property=\"og:image:width\" content=\"2500\" \/>\n\t<meta property=\"og:image:height\" content=\"1668\" \/>\n\t<meta property=\"og:image:type\" content=\"image\/jpeg\" \/>\n<meta name=\"author\" content=\"Paula\" \/>\n<meta name=\"twitter:card\" content=\"summary_large_image\" \/>\n<meta name=\"twitter:label1\" content=\"Verfasst von\" \/>\n\t<meta name=\"twitter:data1\" content=\"Paula\" \/>\n\t<meta name=\"twitter:label2\" content=\"Gesch\u00e4tzte Lesezeit\" \/>\n\t<meta name=\"twitter:data2\" content=\"10\u00a0Minuten\" \/>\n<script type=\"application\/ld+json\" class=\"yoast-schema-graph\">{\"@context\":\"https:\/\/schema.org\",\"@graph\":[{\"@type\":\"WebPage\",\"@id\":\"https:\/\/espattiobrand.com\/de\/geschichten\/messen-kollaborationen-und-showrooms\/espattio-begeistert-bei-seinem-debuet-beim-salone-del-mobile-milano\/\",\"url\":\"https:\/\/espattiobrand.com\/de\/geschichten\/messen-kollaborationen-und-showrooms\/espattio-begeistert-bei-seinem-debuet-beim-salone-del-mobile-milano\/\",\"name\":\"Salone del Mobile 2025 - esPattio\",\"isPartOf\":{\"@id\":\"https:\/\/espattiobrand.com\/de\/#website\"},\"primaryImageOfPage\":{\"@id\":\"https:\/\/espattiobrand.com\/de\/geschichten\/messen-kollaborationen-und-showrooms\/espattio-begeistert-bei-seinem-debuet-beim-salone-del-mobile-milano\/#primaryimage\"},\"image\":{\"@id\":\"https:\/\/espattiobrand.com\/de\/geschichten\/messen-kollaborationen-und-showrooms\/espattio-begeistert-bei-seinem-debuet-beim-salone-del-mobile-milano\/#primaryimage\"},\"thumbnailUrl\":\"https:\/\/espattiobrand.com\/wp-content\/uploads\/2025\/06\/imagen-editada-10.jpg\",\"datePublished\":\"2025-04-20T06:14:18+00:00\",\"dateModified\":\"2025-06-20T09:02:05+00:00\",\"author\":{\"@id\":\"https:\/\/espattiobrand.com\/de\/#\/schema\/person\/5975bfc506709632d056e7bf294d09da\"},\"description\":\"esPattio llev\u00f3 el alma del Sur al Salone del Mobile de Mil\u00e1n con un stand que respiraba identidad y dise\u00f1o. Descubre nuestra experiencia.\",\"breadcrumb\":{\"@id\":\"https:\/\/espattiobrand.com\/de\/geschichten\/messen-kollaborationen-und-showrooms\/espattio-begeistert-bei-seinem-debuet-beim-salone-del-mobile-milano\/#breadcrumb\"},\"inLanguage\":\"de\",\"potentialAction\":[{\"@type\":\"ReadAction\",\"target\":[\"https:\/\/espattiobrand.com\/de\/geschichten\/messen-kollaborationen-und-showrooms\/espattio-begeistert-bei-seinem-debuet-beim-salone-del-mobile-milano\/\"]}]},{\"@type\":\"ImageObject\",\"inLanguage\":\"de\",\"@id\":\"https:\/\/espattiobrand.com\/de\/geschichten\/messen-kollaborationen-und-showrooms\/espattio-begeistert-bei-seinem-debuet-beim-salone-del-mobile-milano\/#primaryimage\",\"url\":\"https:\/\/espattiobrand.com\/wp-content\/uploads\/2025\/06\/imagen-editada-10.jpg\",\"contentUrl\":\"https:\/\/espattiobrand.com\/wp-content\/uploads\/2025\/06\/imagen-editada-10.jpg\",\"width\":2500,\"height\":1668},{\"@type\":\"BreadcrumbList\",\"@id\":\"https:\/\/espattiobrand.com\/de\/geschichten\/messen-kollaborationen-und-showrooms\/espattio-begeistert-bei-seinem-debuet-beim-salone-del-mobile-milano\/#breadcrumb\",\"itemListElement\":[{\"@type\":\"ListItem\",\"position\":1,\"name\":\"Portada\",\"item\":\"https:\/\/espattiobrand.com\/de\/\"},{\"@type\":\"ListItem\",\"position\":2,\"name\":\"esPattio gl\u00e4nzt bei seiner Premiere auf dem Salone del Mobile Milano\"}]},{\"@type\":\"WebSite\",\"@id\":\"https:\/\/espattiobrand.com\/de\/#website\",\"url\":\"https:\/\/espattiobrand.com\/de\/\",\"name\":\"esPattio\",\"description\":\"\",\"potentialAction\":[{\"@type\":\"SearchAction\",\"target\":{\"@type\":\"EntryPoint\",\"urlTemplate\":\"https:\/\/espattiobrand.com\/de\/?s={search_term_string}\"},\"query-input\":{\"@type\":\"PropertyValueSpecification\",\"valueRequired\":true,\"valueName\":\"search_term_string\"}}],\"inLanguage\":\"de\"},{\"@type\":\"Person\",\"@id\":\"https:\/\/espattiobrand.com\/de\/#\/schema\/person\/5975bfc506709632d056e7bf294d09da\",\"name\":\"Paula\"}]}<\/script>\n<!-- \/ Yoast SEO plugin. -->","yoast_head_json":{"title":"Salone del Mobile 2025 - esPattio","description":"esPattio llev\u00f3 el alma del Sur al Salone del Mobile de Mil\u00e1n con un stand que respiraba identidad y dise\u00f1o. Descubre nuestra experiencia.","robots":{"index":"index","follow":"follow","max-snippet":"max-snippet:-1","max-image-preview":"max-image-preview:large","max-video-preview":"max-video-preview:-1"},"canonical":"https:\/\/espattiobrand.com\/de\/geschichten\/messen-kollaborationen-und-showrooms\/espattio-begeistert-bei-seinem-debuet-beim-salone-del-mobile-milano\/","og_locale":"de_DE","og_type":"article","og_title":"Salone del Mobile 2025 - esPattio","og_description":"esPattio llev\u00f3 el alma del Sur al Salone del Mobile de Mil\u00e1n con un stand que respiraba identidad y dise\u00f1o. Descubre nuestra experiencia.","og_url":"https:\/\/espattiobrand.com\/de\/geschichten\/messen-kollaborationen-und-showrooms\/espattio-begeistert-bei-seinem-debuet-beim-salone-del-mobile-milano\/","og_site_name":"esPattio","article_published_time":"2025-04-20T06:14:18+00:00","article_modified_time":"2025-06-20T09:02:05+00:00","og_image":[{"width":2500,"height":1668,"url":"https:\/\/espattiobrand.com\/wp-content\/uploads\/2025\/06\/imagen-editada-10.jpg","type":"image\/jpeg"}],"author":"Paula","twitter_card":"summary_large_image","twitter_misc":{"Verfasst von":"Paula","Gesch\u00e4tzte Lesezeit":"10\u00a0Minuten"},"schema":{"@context":"https:\/\/schema.org","@graph":[{"@type":"WebPage","@id":"https:\/\/espattiobrand.com\/de\/geschichten\/messen-kollaborationen-und-showrooms\/espattio-begeistert-bei-seinem-debuet-beim-salone-del-mobile-milano\/","url":"https:\/\/espattiobrand.com\/de\/geschichten\/messen-kollaborationen-und-showrooms\/espattio-begeistert-bei-seinem-debuet-beim-salone-del-mobile-milano\/","name":"Salone del Mobile 2025 - esPattio","isPartOf":{"@id":"https:\/\/espattiobrand.com\/de\/#website"},"primaryImageOfPage":{"@id":"https:\/\/espattiobrand.com\/de\/geschichten\/messen-kollaborationen-und-showrooms\/espattio-begeistert-bei-seinem-debuet-beim-salone-del-mobile-milano\/#primaryimage"},"image":{"@id":"https:\/\/espattiobrand.com\/de\/geschichten\/messen-kollaborationen-und-showrooms\/espattio-begeistert-bei-seinem-debuet-beim-salone-del-mobile-milano\/#primaryimage"},"thumbnailUrl":"https:\/\/espattiobrand.com\/wp-content\/uploads\/2025\/06\/imagen-editada-10.jpg","datePublished":"2025-04-20T06:14:18+00:00","dateModified":"2025-06-20T09:02:05+00:00","author":{"@id":"https:\/\/espattiobrand.com\/de\/#\/schema\/person\/5975bfc506709632d056e7bf294d09da"},"description":"esPattio llev\u00f3 el alma del Sur al Salone del Mobile de Mil\u00e1n con un stand que respiraba identidad y dise\u00f1o. Descubre nuestra experiencia.","breadcrumb":{"@id":"https:\/\/espattiobrand.com\/de\/geschichten\/messen-kollaborationen-und-showrooms\/espattio-begeistert-bei-seinem-debuet-beim-salone-del-mobile-milano\/#breadcrumb"},"inLanguage":"de","potentialAction":[{"@type":"ReadAction","target":["https:\/\/espattiobrand.com\/de\/geschichten\/messen-kollaborationen-und-showrooms\/espattio-begeistert-bei-seinem-debuet-beim-salone-del-mobile-milano\/"]}]},{"@type":"ImageObject","inLanguage":"de","@id":"https:\/\/espattiobrand.com\/de\/geschichten\/messen-kollaborationen-und-showrooms\/espattio-begeistert-bei-seinem-debuet-beim-salone-del-mobile-milano\/#primaryimage","url":"https:\/\/espattiobrand.com\/wp-content\/uploads\/2025\/06\/imagen-editada-10.jpg","contentUrl":"https:\/\/espattiobrand.com\/wp-content\/uploads\/2025\/06\/imagen-editada-10.jpg","width":2500,"height":1668},{"@type":"BreadcrumbList","@id":"https:\/\/espattiobrand.com\/de\/geschichten\/messen-kollaborationen-und-showrooms\/espattio-begeistert-bei-seinem-debuet-beim-salone-del-mobile-milano\/#breadcrumb","itemListElement":[{"@type":"ListItem","position":1,"name":"Portada","item":"https:\/\/espattiobrand.com\/de\/"},{"@type":"ListItem","position":2,"name":"esPattio gl\u00e4nzt bei seiner Premiere auf dem Salone del Mobile Milano"}]},{"@type":"WebSite","@id":"https:\/\/espattiobrand.com\/de\/#website","url":"https:\/\/espattiobrand.com\/de\/","name":"esPattio","description":"","potentialAction":[{"@type":"SearchAction","target":{"@type":"EntryPoint","urlTemplate":"https:\/\/espattiobrand.com\/de\/?s={search_term_string}"},"query-input":{"@type":"PropertyValueSpecification","valueRequired":true,"valueName":"search_term_string"}}],"inLanguage":"de"},{"@type":"Person","@id":"https:\/\/espattiobrand.com\/de\/#\/schema\/person\/5975bfc506709632d056e7bf294d09da","name":"Paula"}]}},"_links":{"self":[{"href":"https:\/\/espattiobrand.com\/de\/wp-json\/wp\/v2\/posts\/13499","targetHints":{"allow":["GET"]}}],"collection":[{"href":"https:\/\/espattiobrand.com\/de\/wp-json\/wp\/v2\/posts"}],"about":[{"href":"https:\/\/espattiobrand.com\/de\/wp-json\/wp\/v2\/types\/post"}],"author":[{"embeddable":true,"href":"https:\/\/espattiobrand.com\/de\/wp-json\/wp\/v2\/users\/4"}],"replies":[{"embeddable":true,"href":"https:\/\/espattiobrand.com\/de\/wp-json\/wp\/v2\/comments?post=13499"}],"version-history":[{"count":4,"href":"https:\/\/espattiobrand.com\/de\/wp-json\/wp\/v2\/posts\/13499\/revisions"}],"predecessor-version":[{"id":13632,"href":"https:\/\/espattiobrand.com\/de\/wp-json\/wp\/v2\/posts\/13499\/revisions\/13632"}],"wp:featuredmedia":[{"embeddable":true,"href":"https:\/\/espattiobrand.com\/de\/wp-json\/wp\/v2\/media\/13001"}],"wp:attachment":[{"href":"https:\/\/espattiobrand.com\/de\/wp-json\/wp\/v2\/media?parent=13499"}],"wp:term":[{"taxonomy":"category","embeddable":true,"href":"https:\/\/espattiobrand.com\/de\/wp-json\/wp\/v2\/categories?post=13499"},{"taxonomy":"post_tag","embeddable":true,"href":"https:\/\/espattiobrand.com\/de\/wp-json\/wp\/v2\/tags?post=13499"}],"curies":[{"name":"wp","href":"https:\/\/api.w.org\/{rel}","templated":true}]}}