{"id":13497,"date":"2025-04-20T08:14:18","date_gmt":"2025-04-20T06:14:18","guid":{"rendered":"https:\/\/espattiobrand.com\/uncategorized\/espattio-deslumbra-en-su-debut-en-el-salone-del-mobile-milano\/"},"modified":"2025-06-20T11:01:35","modified_gmt":"2025-06-20T09:01:35","slug":"espattio-dazzles-in-its-debut-at-the-salone-del-mobile-milano","status":"publish","type":"post","link":"https:\/\/espattiobrand.com\/en\/stories\/fairs-partnerships-showrooms\/espattio-dazzles-in-its-debut-at-the-salone-del-mobile-milano\/","title":{"rendered":"esPattio dazzles at its debut at Salone del Mobile Milano"},"content":{"rendered":"\n<details class=\"wp-block-details is-layout-flow wp-block-details-is-layout-flow\"><summary><em>From 8 to 13 April, esPattio made its debut at its first edition of the prestigious Salone del Mobile in Milan, one of the most important furniture events in the world. The brand brought its essence of the South to this international stage, standing out with a spectacular stand that attracted the attention of professionals and visitors alike.<\/em><\/summary>\n<p><\/p>\n<\/details>\n\n\n\n<figure class=\"wp-block-video\"><video controls src=\"https:\/\/espattiobrand.com\/wp-content\/uploads\/2025\/04\/Forma-5-Milan.mp4\"><\/video><\/figure>\n\n\n\n<div class=\"wp-block-columns are-vertically-aligned-center is-layout-flex wp-container-core-columns-is-layout-9d6595d7 wp-block-columns-is-layout-flex\">\n<div class=\"wp-block-column is-vertically-aligned-center is-layout-flow wp-block-column-is-layout-flow\">\n<p><strong>Design is emotion, it is identity, it is origin. For esPattio, it is the South.<\/strong> Our first participation in the <strong>Salone del Mobile in Milan<\/strong> was a unique opportunity to bring this essence to the heart of international design.<\/p>\n\n\n\n<p><strong>From 8 to 13 April,<\/strong> our stand was transformed into an <strong>authentic Andalusian corner<\/strong>, inspired by the traditional courtyards of the <strong>white villages of Cadiz<\/strong>. Through a careful staging, we managed to transport visitors to the South: <strong>an enveloping atmosphere that invited them to feel, touch and connect with our way of understanding furniture.<\/strong><\/p>\n\n\n\n<p>The space combined the aesthetics of our land with a representative selection of our collections, showing not only the design of the products, but also their context, their origin and their intention. <strong>Each piece spoke of our identity, our light and our way of inhabiting spaces.<\/strong><\/p>\n\n\n\n<p><strong>What made this edition special for esPattio? <\/strong>We tell you in this brief chronicle of our debut at one of the most important events in the furniture sector.<\/p>\n<\/div>\n\n\n\n<div class=\"wp-block-column is-vertically-aligned-center is-layout-flow wp-block-column-is-layout-flow\">\n<figure class=\"wp-block-image size-large\"><img loading=\"lazy\" decoding=\"async\" width=\"1024\" height=\"689\" src=\"https:\/\/espattiobrand.com\/wp-content\/uploads\/2025\/06\/imagen-editada1-1024x689.jpg\" alt=\"\" class=\"wp-image-12962\" srcset=\"https:\/\/espattiobrand.com\/wp-content\/uploads\/2025\/06\/imagen-editada1-1024x689.jpg 1024w, https:\/\/espattiobrand.com\/wp-content\/uploads\/2025\/06\/imagen-editada1-300x202.jpg 300w, https:\/\/espattiobrand.com\/wp-content\/uploads\/2025\/06\/imagen-editada1-768x516.jpg 768w, https:\/\/espattiobrand.com\/wp-content\/uploads\/2025\/06\/imagen-editada1-1536x1033.jpg 1536w, https:\/\/espattiobrand.com\/wp-content\/uploads\/2025\/06\/imagen-editada1-2048x1377.jpg 2048w\" sizes=\"auto, (max-width: 1024px) 100vw, 1024px\" \/><\/figure>\n\n\n\n<figure class=\"wp-block-image size-large\"><img loading=\"lazy\" decoding=\"async\" width=\"1024\" height=\"683\" src=\"https:\/\/espattiobrand.com\/wp-content\/uploads\/2025\/06\/imagen-editada2-1024x683.jpg\" alt=\"\" class=\"wp-image-12966\" srcset=\"https:\/\/espattiobrand.com\/wp-content\/uploads\/2025\/06\/imagen-editada2-1024x683.jpg 1024w, https:\/\/espattiobrand.com\/wp-content\/uploads\/2025\/06\/imagen-editada2-300x200.jpg 300w, https:\/\/espattiobrand.com\/wp-content\/uploads\/2025\/06\/imagen-editada2-768x512.jpg 768w, https:\/\/espattiobrand.com\/wp-content\/uploads\/2025\/06\/imagen-editada2-1536x1024.jpg 1536w, https:\/\/espattiobrand.com\/wp-content\/uploads\/2025\/06\/imagen-editada2-2048x1366.jpg 2048w\" sizes=\"auto, (max-width: 1024px) 100vw, 1024px\" \/><\/figure>\n\n\n\n<figure class=\"wp-block-image size-large\"><img loading=\"lazy\" decoding=\"async\" width=\"1024\" height=\"683\" src=\"https:\/\/espattiobrand.com\/wp-content\/uploads\/2025\/06\/imagen-editada-3-1024x683.jpg\" alt=\"\" class=\"wp-image-12970\" srcset=\"https:\/\/espattiobrand.com\/wp-content\/uploads\/2025\/06\/imagen-editada-3-1024x683.jpg 1024w, https:\/\/espattiobrand.com\/wp-content\/uploads\/2025\/06\/imagen-editada-3-300x200.jpg 300w, https:\/\/espattiobrand.com\/wp-content\/uploads\/2025\/06\/imagen-editada-3-768x512.jpg 768w, https:\/\/espattiobrand.com\/wp-content\/uploads\/2025\/06\/imagen-editada-3-1536x1025.jpg 1536w, https:\/\/espattiobrand.com\/wp-content\/uploads\/2025\/06\/imagen-editada-3-2048x1366.jpg 2048w\" sizes=\"auto, (max-width: 1024px) 100vw, 1024px\" \/><\/figure>\n<\/div>\n<\/div>\n\n\n\n<div class=\"wp-block-columns are-vertically-aligned-center is-layout-flex wp-container-core-columns-is-layout-9d6595d7 wp-block-columns-is-layout-flex\">\n<div class=\"wp-block-column is-vertically-aligned-center is-layout-flow wp-block-column-is-layout-flow\">\n<figure class=\"wp-block-image size-large\"><img loading=\"lazy\" decoding=\"async\" width=\"1024\" height=\"683\" src=\"https:\/\/espattiobrand.com\/wp-content\/uploads\/2025\/06\/imagen-editada-4-1024x683.jpg\" alt=\"\" class=\"wp-image-12974\" srcset=\"https:\/\/espattiobrand.com\/wp-content\/uploads\/2025\/06\/imagen-editada-4-1024x683.jpg 1024w, https:\/\/espattiobrand.com\/wp-content\/uploads\/2025\/06\/imagen-editada-4-300x200.jpg 300w, https:\/\/espattiobrand.com\/wp-content\/uploads\/2025\/06\/imagen-editada-4-768x512.jpg 768w, https:\/\/espattiobrand.com\/wp-content\/uploads\/2025\/06\/imagen-editada-4-1536x1025.jpg 1536w, https:\/\/espattiobrand.com\/wp-content\/uploads\/2025\/06\/imagen-editada-4-2048x1366.jpg 2048w\" sizes=\"auto, (max-width: 1024px) 100vw, 1024px\" \/><\/figure>\n\n\n\n<figure class=\"wp-block-image size-large\"><img loading=\"lazy\" decoding=\"async\" width=\"1024\" height=\"683\" src=\"https:\/\/espattiobrand.com\/wp-content\/uploads\/2025\/06\/imagen-editada-5-1024x683.jpg\" alt=\"\" class=\"wp-image-12978\" srcset=\"https:\/\/espattiobrand.com\/wp-content\/uploads\/2025\/06\/imagen-editada-5-1024x683.jpg 1024w, https:\/\/espattiobrand.com\/wp-content\/uploads\/2025\/06\/imagen-editada-5-300x200.jpg 300w, https:\/\/espattiobrand.com\/wp-content\/uploads\/2025\/06\/imagen-editada-5-768x512.jpg 768w, https:\/\/espattiobrand.com\/wp-content\/uploads\/2025\/06\/imagen-editada-5-1536x1024.jpg 1536w, https:\/\/espattiobrand.com\/wp-content\/uploads\/2025\/06\/imagen-editada-5-2048x1366.jpg 2048w\" sizes=\"auto, (max-width: 1024px) 100vw, 1024px\" \/><\/figure>\n\n\n\n<figure class=\"wp-block-image size-large\"><img loading=\"lazy\" decoding=\"async\" width=\"1024\" height=\"815\" src=\"https:\/\/espattiobrand.com\/wp-content\/uploads\/2025\/06\/imagen-editada-6-1024x815.jpg\" alt=\"\" class=\"wp-image-12982\" srcset=\"https:\/\/espattiobrand.com\/wp-content\/uploads\/2025\/06\/imagen-editada-6-1024x815.jpg 1024w, https:\/\/espattiobrand.com\/wp-content\/uploads\/2025\/06\/imagen-editada-6-300x239.jpg 300w, https:\/\/espattiobrand.com\/wp-content\/uploads\/2025\/06\/imagen-editada-6-768x611.jpg 768w, https:\/\/espattiobrand.com\/wp-content\/uploads\/2025\/06\/imagen-editada-6-1536x1223.jpg 1536w, https:\/\/espattiobrand.com\/wp-content\/uploads\/2025\/06\/imagen-editada-6-2048x1630.jpg 2048w\" sizes=\"auto, (max-width: 1024px) 100vw, 1024px\" \/><\/figure>\n\n\n\n<figure class=\"wp-block-image size-large\"><img loading=\"lazy\" decoding=\"async\" width=\"1024\" height=\"683\" src=\"https:\/\/espattiobrand.com\/wp-content\/uploads\/2025\/06\/imagen-editada-7-1024x683.jpg\" alt=\"\" class=\"wp-image-12986\" srcset=\"https:\/\/espattiobrand.com\/wp-content\/uploads\/2025\/06\/imagen-editada-7-1024x683.jpg 1024w, https:\/\/espattiobrand.com\/wp-content\/uploads\/2025\/06\/imagen-editada-7-300x200.jpg 300w, https:\/\/espattiobrand.com\/wp-content\/uploads\/2025\/06\/imagen-editada-7-768x512.jpg 768w, https:\/\/espattiobrand.com\/wp-content\/uploads\/2025\/06\/imagen-editada-7-1536x1025.jpg 1536w, https:\/\/espattiobrand.com\/wp-content\/uploads\/2025\/06\/imagen-editada-7-2048x1366.jpg 2048w\" sizes=\"auto, (max-width: 1024px) 100vw, 1024px\" \/><\/figure>\n\n\n\n<figure class=\"wp-block-image size-large\"><img loading=\"lazy\" decoding=\"async\" width=\"1024\" height=\"683\" src=\"https:\/\/espattiobrand.com\/wp-content\/uploads\/2025\/06\/imagen-editada-8-1024x683.jpg\" alt=\"\" class=\"wp-image-12990\" srcset=\"https:\/\/espattiobrand.com\/wp-content\/uploads\/2025\/06\/imagen-editada-8-1024x683.jpg 1024w, https:\/\/espattiobrand.com\/wp-content\/uploads\/2025\/06\/imagen-editada-8-300x200.jpg 300w, https:\/\/espattiobrand.com\/wp-content\/uploads\/2025\/06\/imagen-editada-8-768x512.jpg 768w, https:\/\/espattiobrand.com\/wp-content\/uploads\/2025\/06\/imagen-editada-8-1536x1024.jpg 1536w, https:\/\/espattiobrand.com\/wp-content\/uploads\/2025\/06\/imagen-editada-8-2048x1366.jpg 2048w\" sizes=\"auto, (max-width: 1024px) 100vw, 1024px\" \/><\/figure>\n\n\n\n<figure class=\"wp-block-image size-large\"><img loading=\"lazy\" decoding=\"async\" width=\"1024\" height=\"768\" src=\"https:\/\/espattiobrand.com\/wp-content\/uploads\/2025\/06\/imagen-editada-9-1024x768.jpg\" alt=\"\" class=\"wp-image-12994\" srcset=\"https:\/\/espattiobrand.com\/wp-content\/uploads\/2025\/06\/imagen-editada-9-1024x768.jpg 1024w, https:\/\/espattiobrand.com\/wp-content\/uploads\/2025\/06\/imagen-editada-9-300x225.jpg 300w, https:\/\/espattiobrand.com\/wp-content\/uploads\/2025\/06\/imagen-editada-9-768x576.jpg 768w, https:\/\/espattiobrand.com\/wp-content\/uploads\/2025\/06\/imagen-editada-9-1536x1151.jpg 1536w, https:\/\/espattiobrand.com\/wp-content\/uploads\/2025\/06\/imagen-editada-9-2048x1535.jpg 2048w\" sizes=\"auto, (max-width: 1024px) 100vw, 1024px\" \/><\/figure>\n<\/div>\n\n\n\n<div class=\"wp-block-column is-vertically-aligned-center is-layout-flow wp-block-column-is-layout-flow\">\n<h2 class=\"wp-block-heading\">Salone del Mobile Milano: A debut with a Southern soul<\/h2>\n\n\n\n<p><strong>From 8 to 13 April, esPattio made its debut at the prestigious Salone del Mobile in Milan with a proposal that did not go unnoticed. <\/strong>In this first participation, the brand brought to the epicentre of international design <strong>the essence of the South<\/strong>, reinterpreted through a spectacular stand that evoked the architecture, light and character of <strong>the white villages of Cadiz.<\/strong> Inspired by a traditional <strong>Andalusian courtyard<\/strong>, the space was conceived to directly convey esPattio&#8217;s identity: warm, welcoming and deeply rooted in its origins.<\/p>\n\n\n\n<p><strong>More than a presentation of <\/strong><a href=\"https:\/\/espattiobrand.com\/en\/collection\/\">our designs<\/a>,<strong> it was a sensory experience. <\/strong>Visitors to the stand not only discovered our collections, but were immersed in an enveloping and authentic atmosphere, where every element &#8211; from the choice of materials to the lighting and the layout of the space &#8211; spoke of the soul of the brand.<\/p>\n\n\n\n<p>Among the pieces on display, <strong>the Baelo series of meeting tables<\/strong>, <strong>the Libro bookcases<\/strong> designed by <a href=\"https:\/\/espattiobrand.com\/en\/designers\/pearson-lloid\/\">Pearson Lloyd<\/a> and <strong>the chairs from the Abril series <\/strong>stood out, all presented in a carefully staged setting. In addition, different <strong>lounge spaces <\/strong>were recreated with representative pieces from the <strong>Amivera, Pausa and Marina collections<\/strong>, demonstrating the versatility of the esPattio catalogue. As an exclusive preview, future launches were also presented, arousing <strong>great interest and expectation<\/strong> among visitors.<\/p>\n\n\n\n<p>The experience was completed with a carefully <strong>selected gastronomic offer<\/strong>, based on products from the South, which accompanied the visit and reinforced the emotional connection with our land. Each encounter at the stand thus became a moment of enjoyment, closeness and discovery, in which <strong>design, culture and hospitality came together naturally.<\/strong><\/p>\n\n\n\n<p><strong>Our debut in Milan was much more than a presence at an event: it was a declaration of intent. <\/strong>A way of showing the world who we are, where we come from and where we are going. An open invitation to continue exploring all that esPattio has to offer.<\/p>\n<\/div>\n<\/div>\n\n\n\n<figure class=\"wp-block-gallery has-nested-images columns-default is-cropped wp-block-gallery-1 is-layout-flex wp-block-gallery-is-layout-flex\">\n<figure class=\"wp-block-image size-large\"><img loading=\"lazy\" decoding=\"async\" width=\"1024\" height=\"683\" data-id=\"12998\" src=\"https:\/\/espattiobrand.com\/wp-content\/uploads\/2025\/06\/imagen-editada-10-1024x683.jpg\" alt=\"\" class=\"wp-image-12998\" srcset=\"https:\/\/espattiobrand.com\/wp-content\/uploads\/2025\/06\/imagen-editada-10-1024x683.jpg 1024w, https:\/\/espattiobrand.com\/wp-content\/uploads\/2025\/06\/imagen-editada-10-300x200.jpg 300w, https:\/\/espattiobrand.com\/wp-content\/uploads\/2025\/06\/imagen-editada-10-768x512.jpg 768w, https:\/\/espattiobrand.com\/wp-content\/uploads\/2025\/06\/imagen-editada-10-1536x1025.jpg 1536w, https:\/\/espattiobrand.com\/wp-content\/uploads\/2025\/06\/imagen-editada-10-2048x1366.jpg 2048w\" sizes=\"auto, (max-width: 1024px) 100vw, 1024px\" \/><\/figure>\n\n\n\n<figure class=\"wp-block-image size-large\"><img loading=\"lazy\" decoding=\"async\" width=\"1024\" height=\"683\" data-id=\"13002\" src=\"https:\/\/espattiobrand.com\/wp-content\/uploads\/2025\/06\/imagen-editada-11-1024x683.jpg\" alt=\"\" class=\"wp-image-13002\" srcset=\"https:\/\/espattiobrand.com\/wp-content\/uploads\/2025\/06\/imagen-editada-11-1024x683.jpg 1024w, https:\/\/espattiobrand.com\/wp-content\/uploads\/2025\/06\/imagen-editada-11-300x200.jpg 300w, https:\/\/espattiobrand.com\/wp-content\/uploads\/2025\/06\/imagen-editada-11-768x512.jpg 768w, https:\/\/espattiobrand.com\/wp-content\/uploads\/2025\/06\/imagen-editada-11-1536x1024.jpg 1536w, https:\/\/espattiobrand.com\/wp-content\/uploads\/2025\/06\/imagen-editada-11-2048x1366.jpg 2048w\" sizes=\"auto, (max-width: 1024px) 100vw, 1024px\" \/><\/figure>\n\n\n\n<figure class=\"wp-block-image size-large\"><img loading=\"lazy\" decoding=\"async\" width=\"1024\" height=\"683\" data-id=\"13006\" src=\"https:\/\/espattiobrand.com\/wp-content\/uploads\/2025\/06\/imagen-editada-12-1024x683.jpg\" alt=\"\" class=\"wp-image-13006\" srcset=\"https:\/\/espattiobrand.com\/wp-content\/uploads\/2025\/06\/imagen-editada-12-1024x683.jpg 1024w, https:\/\/espattiobrand.com\/wp-content\/uploads\/2025\/06\/imagen-editada-12-300x200.jpg 300w, https:\/\/espattiobrand.com\/wp-content\/uploads\/2025\/06\/imagen-editada-12-768x512.jpg 768w, https:\/\/espattiobrand.com\/wp-content\/uploads\/2025\/06\/imagen-editada-12-1536x1024.jpg 1536w, https:\/\/espattiobrand.com\/wp-content\/uploads\/2025\/06\/imagen-editada-12-2048x1366.jpg 2048w\" sizes=\"auto, (max-width: 1024px) 100vw, 1024px\" \/><\/figure>\n<\/figure>\n\n\n\n<figure class=\"wp-block-gallery has-nested-images columns-default is-cropped wp-block-gallery-2 is-layout-flex wp-block-gallery-is-layout-flex\">\n<figure class=\"wp-block-image size-large\"><img loading=\"lazy\" decoding=\"async\" width=\"1024\" height=\"683\" data-id=\"13010\" src=\"https:\/\/espattiobrand.com\/wp-content\/uploads\/2025\/06\/imagen-editada-13-1024x683.jpg\" alt=\"\" class=\"wp-image-13010\" srcset=\"https:\/\/espattiobrand.com\/wp-content\/uploads\/2025\/06\/imagen-editada-13-1024x683.jpg 1024w, https:\/\/espattiobrand.com\/wp-content\/uploads\/2025\/06\/imagen-editada-13-300x200.jpg 300w, https:\/\/espattiobrand.com\/wp-content\/uploads\/2025\/06\/imagen-editada-13-768x512.jpg 768w, https:\/\/espattiobrand.com\/wp-content\/uploads\/2025\/06\/imagen-editada-13-1536x1024.jpg 1536w, https:\/\/espattiobrand.com\/wp-content\/uploads\/2025\/06\/imagen-editada-13-2048x1366.jpg 2048w\" sizes=\"auto, (max-width: 1024px) 100vw, 1024px\" \/><\/figure>\n\n\n\n<figure class=\"wp-block-image size-large\"><img loading=\"lazy\" decoding=\"async\" width=\"1024\" height=\"683\" data-id=\"13014\" src=\"https:\/\/espattiobrand.com\/wp-content\/uploads\/2025\/06\/imagen-editada-14-1024x683.jpg\" alt=\"\" class=\"wp-image-13014\" srcset=\"https:\/\/espattiobrand.com\/wp-content\/uploads\/2025\/06\/imagen-editada-14-1024x683.jpg 1024w, https:\/\/espattiobrand.com\/wp-content\/uploads\/2025\/06\/imagen-editada-14-300x200.jpg 300w, https:\/\/espattiobrand.com\/wp-content\/uploads\/2025\/06\/imagen-editada-14-768x512.jpg 768w, https:\/\/espattiobrand.com\/wp-content\/uploads\/2025\/06\/imagen-editada-14-1536x1024.jpg 1536w, https:\/\/espattiobrand.com\/wp-content\/uploads\/2025\/06\/imagen-editada-14-2048x1366.jpg 2048w\" sizes=\"auto, (max-width: 1024px) 100vw, 1024px\" \/><\/figure>\n\n\n\n<figure class=\"wp-block-image size-large\"><img loading=\"lazy\" decoding=\"async\" width=\"1024\" height=\"683\" data-id=\"13018\" src=\"https:\/\/espattiobrand.com\/wp-content\/uploads\/2025\/06\/imagen-editada-15-1024x683.jpg\" alt=\"\" class=\"wp-image-13018\" srcset=\"https:\/\/espattiobrand.com\/wp-content\/uploads\/2025\/06\/imagen-editada-15-1024x683.jpg 1024w, https:\/\/espattiobrand.com\/wp-content\/uploads\/2025\/06\/imagen-editada-15-300x200.jpg 300w, https:\/\/espattiobrand.com\/wp-content\/uploads\/2025\/06\/imagen-editada-15-768x512.jpg 768w, https:\/\/espattiobrand.com\/wp-content\/uploads\/2025\/06\/imagen-editada-15-1536x1024.jpg 1536w, https:\/\/espattiobrand.com\/wp-content\/uploads\/2025\/06\/imagen-editada-15-2048x1366.jpg 2048w\" sizes=\"auto, (max-width: 1024px) 100vw, 1024px\" \/><\/figure>\n<\/figure>\n\n\n\n<div style=\"height:50px\" aria-hidden=\"true\" class=\"wp-block-spacer\"><\/div>\n\n\n\n<h2 class=\"wp-block-heading\">Salone del Mobile, an opportunity to expand our network in Europe<\/h2>\n\n\n\n<p>The <a href=\"https:\/\/www.salonemilano.it\/en\">Salone del Mobile Milan 2025 <\/a><strong>represented a strategic opportunity for esPattio<\/strong>, not only as an international showcase for our collections, but also as a <strong>key platform for establishing relationships with new partners<\/strong> in the Italian and European market. This first participation reinforced our global vocation and our commitment to a design that, from the South, aspires to connect with audiences around the world.<\/p>\n\n\n\n<p><strong>As a brand with a clear international projection<\/strong>, esPattio continues its mission <strong>to export the essence of the South<\/strong> through pieces that combine identity, functionality and character. The Salone was the ideal place to showcase this unique proposition and share with the international community the richness of our creative approach.<\/p>\n\n\n\n<p>Throughout the event, which was well<strong> attended by professionals from the sector<\/strong> &#8211; designers, architects, clients, distributors, specialised press and more &#8211; visitors were able to get a close-up look at some of our firm&#8217;s most representative designs. Among them, <strong>the Amivera and Pausa sofas, the Marina armchairs, the Baelo meeting tables, and the Abril and Bika chairs <\/strong>attracted attention for their careful design and versatility. However, it was <strong>the Platero pouf<\/strong> that took centre stage, <strong>generating great interest for its innovative design, functionality and unique aesthetic presence.<\/strong><\/p>\n\n\n\n<p>In addition, the exhibition allowed us to highlight another of our great differential values: <strong>the wide variety of fabrics available in our catalogue<\/strong>, which brings visual, sensory and conceptual richness to each piece. This diversity not only reflects our commitment to personalisation and detail, but also to <strong>sustainability, quality and innovation<\/strong> as the cornerstones of our value proposition.<strong>Salone del Mobile 2025 was not a point of arrival, but the start of an ambitious journey.<\/strong> A key step in esPattio&#8217;s international <strong>expansion and consolidation strategy<\/strong>, in which we will continue to bring the light, warmth and identity of the South to new scenarios, <strong>uniting design, culture and innovation in each project.<\/strong><\/p>\n\n\n\n<figure class=\"wp-block-gallery has-nested-images columns-default is-cropped wp-block-gallery-3 is-layout-flex wp-block-gallery-is-layout-flex\">\n<figure class=\"wp-block-image size-large\"><img loading=\"lazy\" decoding=\"async\" width=\"1024\" height=\"683\" data-id=\"13022\" src=\"https:\/\/espattiobrand.com\/wp-content\/uploads\/2025\/06\/imagen-editada-16-1024x683.jpg\" alt=\"\" class=\"wp-image-13022\" srcset=\"https:\/\/espattiobrand.com\/wp-content\/uploads\/2025\/06\/imagen-editada-16-1024x683.jpg 1024w, https:\/\/espattiobrand.com\/wp-content\/uploads\/2025\/06\/imagen-editada-16-300x200.jpg 300w, https:\/\/espattiobrand.com\/wp-content\/uploads\/2025\/06\/imagen-editada-16-768x512.jpg 768w, https:\/\/espattiobrand.com\/wp-content\/uploads\/2025\/06\/imagen-editada-16-1536x1024.jpg 1536w, https:\/\/espattiobrand.com\/wp-content\/uploads\/2025\/06\/imagen-editada-16-2048x1366.jpg 2048w\" sizes=\"auto, (max-width: 1024px) 100vw, 1024px\" \/><\/figure>\n\n\n\n<figure class=\"wp-block-image size-large\"><img loading=\"lazy\" decoding=\"async\" width=\"1024\" height=\"683\" data-id=\"13026\" src=\"https:\/\/espattiobrand.com\/wp-content\/uploads\/2025\/06\/imagen-editada-17-1024x683.jpg\" alt=\"\" class=\"wp-image-13026\" srcset=\"https:\/\/espattiobrand.com\/wp-content\/uploads\/2025\/06\/imagen-editada-17-1024x683.jpg 1024w, https:\/\/espattiobrand.com\/wp-content\/uploads\/2025\/06\/imagen-editada-17-300x200.jpg 300w, https:\/\/espattiobrand.com\/wp-content\/uploads\/2025\/06\/imagen-editada-17-768x512.jpg 768w, https:\/\/espattiobrand.com\/wp-content\/uploads\/2025\/06\/imagen-editada-17-1536x1024.jpg 1536w, https:\/\/espattiobrand.com\/wp-content\/uploads\/2025\/06\/imagen-editada-17-2048x1366.jpg 2048w\" sizes=\"auto, (max-width: 1024px) 100vw, 1024px\" \/><\/figure>\n\n\n\n<figure class=\"wp-block-image size-large\"><img loading=\"lazy\" decoding=\"async\" width=\"1024\" height=\"683\" data-id=\"13030\" src=\"https:\/\/espattiobrand.com\/wp-content\/uploads\/2025\/06\/imagen-editada-18-1024x683.jpg\" alt=\"\" class=\"wp-image-13030\" srcset=\"https:\/\/espattiobrand.com\/wp-content\/uploads\/2025\/06\/imagen-editada-18-1024x683.jpg 1024w, https:\/\/espattiobrand.com\/wp-content\/uploads\/2025\/06\/imagen-editada-18-300x200.jpg 300w, https:\/\/espattiobrand.com\/wp-content\/uploads\/2025\/06\/imagen-editada-18-768x512.jpg 768w, https:\/\/espattiobrand.com\/wp-content\/uploads\/2025\/06\/imagen-editada-18-1536x1024.jpg 1536w, https:\/\/espattiobrand.com\/wp-content\/uploads\/2025\/06\/imagen-editada-18-2048x1366.jpg 2048w\" sizes=\"auto, (max-width: 1024px) 100vw, 1024px\" \/><\/figure>\n<\/figure>\n\n\n\n<figure class=\"wp-block-gallery has-nested-images columns-default is-cropped wp-block-gallery-4 is-layout-flex wp-block-gallery-is-layout-flex\">\n<figure class=\"wp-block-image size-large\"><img loading=\"lazy\" decoding=\"async\" width=\"1024\" height=\"683\" data-id=\"13034\" src=\"https:\/\/espattiobrand.com\/wp-content\/uploads\/2025\/06\/imagene-ditada-19-1024x683.jpg\" alt=\"\" class=\"wp-image-13034\" srcset=\"https:\/\/espattiobrand.com\/wp-content\/uploads\/2025\/06\/imagene-ditada-19-1024x683.jpg 1024w, https:\/\/espattiobrand.com\/wp-content\/uploads\/2025\/06\/imagene-ditada-19-300x200.jpg 300w, https:\/\/espattiobrand.com\/wp-content\/uploads\/2025\/06\/imagene-ditada-19-768x512.jpg 768w, https:\/\/espattiobrand.com\/wp-content\/uploads\/2025\/06\/imagene-ditada-19-1536x1024.jpg 1536w, https:\/\/espattiobrand.com\/wp-content\/uploads\/2025\/06\/imagene-ditada-19-2048x1366.jpg 2048w\" sizes=\"auto, (max-width: 1024px) 100vw, 1024px\" \/><\/figure>\n\n\n\n<figure class=\"wp-block-image size-large\"><img loading=\"lazy\" decoding=\"async\" width=\"1024\" height=\"683\" data-id=\"13038\" src=\"https:\/\/espattiobrand.com\/wp-content\/uploads\/2025\/06\/imagen-editada-20-1024x683.jpg\" alt=\"\" class=\"wp-image-13038\" srcset=\"https:\/\/espattiobrand.com\/wp-content\/uploads\/2025\/06\/imagen-editada-20-1024x683.jpg 1024w, https:\/\/espattiobrand.com\/wp-content\/uploads\/2025\/06\/imagen-editada-20-300x200.jpg 300w, https:\/\/espattiobrand.com\/wp-content\/uploads\/2025\/06\/imagen-editada-20-768x512.jpg 768w, https:\/\/espattiobrand.com\/wp-content\/uploads\/2025\/06\/imagen-editada-20-1536x1024.jpg 1536w, https:\/\/espattiobrand.com\/wp-content\/uploads\/2025\/06\/imagen-editada-20-2048x1366.jpg 2048w\" sizes=\"auto, (max-width: 1024px) 100vw, 1024px\" \/><\/figure>\n\n\n\n<figure class=\"wp-block-image size-large\"><img loading=\"lazy\" decoding=\"async\" width=\"1024\" height=\"683\" data-id=\"13042\" src=\"https:\/\/espattiobrand.com\/wp-content\/uploads\/2025\/06\/imagen-editada-21-1024x683.jpg\" alt=\"\" class=\"wp-image-13042\" srcset=\"https:\/\/espattiobrand.com\/wp-content\/uploads\/2025\/06\/imagen-editada-21-1024x683.jpg 1024w, https:\/\/espattiobrand.com\/wp-content\/uploads\/2025\/06\/imagen-editada-21-300x200.jpg 300w, https:\/\/espattiobrand.com\/wp-content\/uploads\/2025\/06\/imagen-editada-21-768x512.jpg 768w, https:\/\/espattiobrand.com\/wp-content\/uploads\/2025\/06\/imagen-editada-21-1536x1024.jpg 1536w, https:\/\/espattiobrand.com\/wp-content\/uploads\/2025\/06\/imagen-editada-21-2048x1366.jpg 2048w\" sizes=\"auto, (max-width: 1024px) 100vw, 1024px\" \/><\/figure>\n<\/figure>\n\n\n\n<h3 class=\"wp-block-heading\">Would you like to attend one of our upcoming events?<\/h3>\n\n\n\n<p><strong>Participation in the Salone del Mobile Milan is just one of the many events esPattio has planned for 2025, and we hope they will all be a resounding success.<\/strong> Would you like to find out how to attend one of our upcoming events? <em>Here is a list of some of the main trade fairs and exhibitions where we will be present this year:<\/em><\/p>\n\n\n\n<ul class=\"wp-block-list\">\n<li><strong>Clerkenwell Design Week &#8211; Londres &#8211; May<\/strong><\/li>\n\n\n\n<li><strong>The Design Workspace &#8211; Madrid &#8211; May<\/strong><\/li>\n\n\n\n<li><strong>Fulton Market &#8211; Chicago &#8211; June<\/strong><\/li>\n\n\n\n<li><strong>3 days of desing &#8211; Copenhague &#8211; June<\/strong><\/li>\n<\/ul>\n\n\n\n<figure class=\"wp-block-image size-full is-resized\"><img loading=\"lazy\" decoding=\"async\" width=\"600\" height=\"380\" src=\"https:\/\/espattiobrand.com\/wp-content\/uploads\/2025\/06\/Fulton25_firma.jpg\" alt=\"\" class=\"wp-image-12936\" style=\"width:230px;height:auto\" srcset=\"https:\/\/espattiobrand.com\/wp-content\/uploads\/2025\/06\/Fulton25_firma.jpg 600w, https:\/\/espattiobrand.com\/wp-content\/uploads\/2025\/06\/Fulton25_firma-300x190.jpg 300w\" sizes=\"auto, (max-width: 600px) 100vw, 600px\" \/><\/figure>\n\n\n\n<p><\/p>\n\n\n\n<p>In addition, if you would like to receive invitations to the events we organise in our showrooms and spaces around the world, simply click on the <a href=\"https:\/\/espattiobrand.com\/en\/contact\/\">Contact<\/a> tab and get in touch with the sales representative in your area. This way, not only will you be part of the wonderfu<strong>l esPattio<\/strong> family, but you will also be the first to know about our latest news and have exclusive access to all our activities.<\/p>\n\n\n\n<p>Participating in these events will be an excellent opportunity to expand your network of contacts in the sector, as well as being able to enter raffles for exclusive pieces of furniture,<strong> esPattio <\/strong>merchandising and the possibility of organising visits to Seville to get to know our central facilities and the team that makes our brand possible. <strong>A unique experience you won&#8217;t want to miss!<\/strong><\/p>\n\n\n\n<p>Finally, the whole <strong>esPattio <\/strong>family would like to thank all the partners who accompanied us in our first participation in the Salone del Mobile 2025, such as<a href=\"https:\/\/www.jorgeherrera.es\/\"> Jorge Herrera Studio<\/a> for the design of our stand and the Malaga company <a href=\"https:\/\/todobarro.com\/en\/\">Todobarro<\/a> for part of the props.<\/p>\n\n\n\n<p>It was a real pleasure to welcome you and we hope to meet again soon in the next editions of Salone del Mobile 2025. Thank you for being part of this unique experience!<\/p>\n\n\n\n<p><strong>\u00a1A presto, Milano!<\/strong><\/p>\n\n\n\n<p><\/p>\n","protected":false},"excerpt":{"rendered":"<p>Design is emotion, it is identity, it is origin. For esPattio, it is the South. Our first participation in the Salone del Mobile in Milan was a unique opportunity to bring this essence to the heart of international design. From 8 to 13 April, our stand was transformed into an authentic Andalusian corner, inspired by [&hellip;]<\/p>\n","protected":false},"author":4,"featured_media":12999,"comment_status":"closed","ping_status":"closed","sticky":false,"template":"","format":"standard","meta":{"_acf_changed":false,"footnotes":""},"categories":[59,70],"tags":[161,190],"class_list":["post-13497","post","type-post","status-publish","format-standard","has-post-thumbnail","hentry","category-fairs-partnerships-showrooms","category-stories","tag-eventos-en","tag-internacional-en"],"acf":[],"yoast_head":"<!-- This site is optimized with the Yoast SEO plugin v25.3 - https:\/\/yoast.com\/wordpress\/plugins\/seo\/ -->\n<title>Salone del Mobile 2025 - esPattio<\/title>\n<meta name=\"description\" content=\"esPattio a apport\u00e9 l\u2019\u00e2me du Sud au Salone del Mobile de Milan avec un stand qui respirait l\u2019identit\u00e9 et le design. D\u00e9couvrez notre exp\u00e9rience.\" \/>\n<meta name=\"robots\" content=\"index, follow, max-snippet:-1, max-image-preview:large, max-video-preview:-1\" \/>\n<link rel=\"canonical\" href=\"https:\/\/espattiobrand.com\/en\/stories\/fairs-partnerships-showrooms\/espattio-dazzles-in-its-debut-at-the-salone-del-mobile-milano\/\" \/>\n<meta property=\"og:locale\" content=\"en_US\" \/>\n<meta property=\"og:type\" content=\"article\" \/>\n<meta property=\"og:title\" content=\"Salone del Mobile 2025 - esPattio\" \/>\n<meta property=\"og:description\" content=\"esPattio a apport\u00e9 l\u2019\u00e2me du Sud au Salone del Mobile de Milan avec un stand qui respirait l\u2019identit\u00e9 et le design. D\u00e9couvrez notre exp\u00e9rience.\" \/>\n<meta property=\"og:url\" content=\"https:\/\/espattiobrand.com\/en\/stories\/fairs-partnerships-showrooms\/espattio-dazzles-in-its-debut-at-the-salone-del-mobile-milano\/\" \/>\n<meta property=\"og:site_name\" content=\"esPattio\" \/>\n<meta property=\"article:published_time\" content=\"2025-04-20T06:14:18+00:00\" \/>\n<meta property=\"article:modified_time\" content=\"2025-06-20T09:01:35+00:00\" \/>\n<meta property=\"og:image\" content=\"https:\/\/espattiobrand.com\/wp-content\/uploads\/2025\/06\/imagen-editada-10.jpg\" \/>\n\t<meta property=\"og:image:width\" content=\"2500\" \/>\n\t<meta property=\"og:image:height\" content=\"1668\" \/>\n\t<meta property=\"og:image:type\" content=\"image\/jpeg\" \/>\n<meta name=\"author\" content=\"Paula\" \/>\n<meta name=\"twitter:card\" content=\"summary_large_image\" \/>\n<meta name=\"twitter:label1\" content=\"Written by\" \/>\n\t<meta name=\"twitter:data1\" content=\"Paula\" \/>\n\t<meta name=\"twitter:label2\" content=\"Est. reading time\" \/>\n\t<meta name=\"twitter:data2\" content=\"11 minutes\" \/>\n<script type=\"application\/ld+json\" class=\"yoast-schema-graph\">{\"@context\":\"https:\/\/schema.org\",\"@graph\":[{\"@type\":\"WebPage\",\"@id\":\"https:\/\/espattiobrand.com\/en\/stories\/fairs-partnerships-showrooms\/espattio-dazzles-in-its-debut-at-the-salone-del-mobile-milano\/\",\"url\":\"https:\/\/espattiobrand.com\/en\/stories\/fairs-partnerships-showrooms\/espattio-dazzles-in-its-debut-at-the-salone-del-mobile-milano\/\",\"name\":\"Salone del Mobile 2025 - esPattio\",\"isPartOf\":{\"@id\":\"https:\/\/espattiobrand.com\/en\/#website\"},\"primaryImageOfPage\":{\"@id\":\"https:\/\/espattiobrand.com\/en\/stories\/fairs-partnerships-showrooms\/espattio-dazzles-in-its-debut-at-the-salone-del-mobile-milano\/#primaryimage\"},\"image\":{\"@id\":\"https:\/\/espattiobrand.com\/en\/stories\/fairs-partnerships-showrooms\/espattio-dazzles-in-its-debut-at-the-salone-del-mobile-milano\/#primaryimage\"},\"thumbnailUrl\":\"https:\/\/espattiobrand.com\/wp-content\/uploads\/2025\/06\/imagen-editada-10.jpg\",\"datePublished\":\"2025-04-20T06:14:18+00:00\",\"dateModified\":\"2025-06-20T09:01:35+00:00\",\"author\":{\"@id\":\"https:\/\/espattiobrand.com\/en\/#\/schema\/person\/5975bfc506709632d056e7bf294d09da\"},\"description\":\"esPattio a apport\u00e9 l\u2019\u00e2me du Sud au Salone del Mobile de Milan avec un stand qui respirait l\u2019identit\u00e9 et le design. D\u00e9couvrez notre exp\u00e9rience.\",\"breadcrumb\":{\"@id\":\"https:\/\/espattiobrand.com\/en\/stories\/fairs-partnerships-showrooms\/espattio-dazzles-in-its-debut-at-the-salone-del-mobile-milano\/#breadcrumb\"},\"inLanguage\":\"en-US\",\"potentialAction\":[{\"@type\":\"ReadAction\",\"target\":[\"https:\/\/espattiobrand.com\/en\/stories\/fairs-partnerships-showrooms\/espattio-dazzles-in-its-debut-at-the-salone-del-mobile-milano\/\"]}]},{\"@type\":\"ImageObject\",\"inLanguage\":\"en-US\",\"@id\":\"https:\/\/espattiobrand.com\/en\/stories\/fairs-partnerships-showrooms\/espattio-dazzles-in-its-debut-at-the-salone-del-mobile-milano\/#primaryimage\",\"url\":\"https:\/\/espattiobrand.com\/wp-content\/uploads\/2025\/06\/imagen-editada-10.jpg\",\"contentUrl\":\"https:\/\/espattiobrand.com\/wp-content\/uploads\/2025\/06\/imagen-editada-10.jpg\",\"width\":2500,\"height\":1668},{\"@type\":\"BreadcrumbList\",\"@id\":\"https:\/\/espattiobrand.com\/en\/stories\/fairs-partnerships-showrooms\/espattio-dazzles-in-its-debut-at-the-salone-del-mobile-milano\/#breadcrumb\",\"itemListElement\":[{\"@type\":\"ListItem\",\"position\":1,\"name\":\"Portada\",\"item\":\"https:\/\/espattiobrand.com\/en\/\"},{\"@type\":\"ListItem\",\"position\":2,\"name\":\"esPattio dazzles at its debut at Salone del Mobile Milano\"}]},{\"@type\":\"WebSite\",\"@id\":\"https:\/\/espattiobrand.com\/en\/#website\",\"url\":\"https:\/\/espattiobrand.com\/en\/\",\"name\":\"esPattio\",\"description\":\"\",\"potentialAction\":[{\"@type\":\"SearchAction\",\"target\":{\"@type\":\"EntryPoint\",\"urlTemplate\":\"https:\/\/espattiobrand.com\/en\/?s={search_term_string}\"},\"query-input\":{\"@type\":\"PropertyValueSpecification\",\"valueRequired\":true,\"valueName\":\"search_term_string\"}}],\"inLanguage\":\"en-US\"},{\"@type\":\"Person\",\"@id\":\"https:\/\/espattiobrand.com\/en\/#\/schema\/person\/5975bfc506709632d056e7bf294d09da\",\"name\":\"Paula\"}]}<\/script>\n<!-- \/ Yoast SEO plugin. -->","yoast_head_json":{"title":"Salone del Mobile 2025 - esPattio","description":"esPattio a apport\u00e9 l\u2019\u00e2me du Sud au Salone del Mobile de Milan avec un stand qui respirait l\u2019identit\u00e9 et le design. D\u00e9couvrez notre exp\u00e9rience.","robots":{"index":"index","follow":"follow","max-snippet":"max-snippet:-1","max-image-preview":"max-image-preview:large","max-video-preview":"max-video-preview:-1"},"canonical":"https:\/\/espattiobrand.com\/en\/stories\/fairs-partnerships-showrooms\/espattio-dazzles-in-its-debut-at-the-salone-del-mobile-milano\/","og_locale":"en_US","og_type":"article","og_title":"Salone del Mobile 2025 - esPattio","og_description":"esPattio a apport\u00e9 l\u2019\u00e2me du Sud au Salone del Mobile de Milan avec un stand qui respirait l\u2019identit\u00e9 et le design. D\u00e9couvrez notre exp\u00e9rience.","og_url":"https:\/\/espattiobrand.com\/en\/stories\/fairs-partnerships-showrooms\/espattio-dazzles-in-its-debut-at-the-salone-del-mobile-milano\/","og_site_name":"esPattio","article_published_time":"2025-04-20T06:14:18+00:00","article_modified_time":"2025-06-20T09:01:35+00:00","og_image":[{"width":2500,"height":1668,"url":"https:\/\/espattiobrand.com\/wp-content\/uploads\/2025\/06\/imagen-editada-10.jpg","type":"image\/jpeg"}],"author":"Paula","twitter_card":"summary_large_image","twitter_misc":{"Written by":"Paula","Est. reading time":"11 minutes"},"schema":{"@context":"https:\/\/schema.org","@graph":[{"@type":"WebPage","@id":"https:\/\/espattiobrand.com\/en\/stories\/fairs-partnerships-showrooms\/espattio-dazzles-in-its-debut-at-the-salone-del-mobile-milano\/","url":"https:\/\/espattiobrand.com\/en\/stories\/fairs-partnerships-showrooms\/espattio-dazzles-in-its-debut-at-the-salone-del-mobile-milano\/","name":"Salone del Mobile 2025 - esPattio","isPartOf":{"@id":"https:\/\/espattiobrand.com\/en\/#website"},"primaryImageOfPage":{"@id":"https:\/\/espattiobrand.com\/en\/stories\/fairs-partnerships-showrooms\/espattio-dazzles-in-its-debut-at-the-salone-del-mobile-milano\/#primaryimage"},"image":{"@id":"https:\/\/espattiobrand.com\/en\/stories\/fairs-partnerships-showrooms\/espattio-dazzles-in-its-debut-at-the-salone-del-mobile-milano\/#primaryimage"},"thumbnailUrl":"https:\/\/espattiobrand.com\/wp-content\/uploads\/2025\/06\/imagen-editada-10.jpg","datePublished":"2025-04-20T06:14:18+00:00","dateModified":"2025-06-20T09:01:35+00:00","author":{"@id":"https:\/\/espattiobrand.com\/en\/#\/schema\/person\/5975bfc506709632d056e7bf294d09da"},"description":"esPattio a apport\u00e9 l\u2019\u00e2me du Sud au Salone del Mobile de Milan avec un stand qui respirait l\u2019identit\u00e9 et le design. D\u00e9couvrez notre exp\u00e9rience.","breadcrumb":{"@id":"https:\/\/espattiobrand.com\/en\/stories\/fairs-partnerships-showrooms\/espattio-dazzles-in-its-debut-at-the-salone-del-mobile-milano\/#breadcrumb"},"inLanguage":"en-US","potentialAction":[{"@type":"ReadAction","target":["https:\/\/espattiobrand.com\/en\/stories\/fairs-partnerships-showrooms\/espattio-dazzles-in-its-debut-at-the-salone-del-mobile-milano\/"]}]},{"@type":"ImageObject","inLanguage":"en-US","@id":"https:\/\/espattiobrand.com\/en\/stories\/fairs-partnerships-showrooms\/espattio-dazzles-in-its-debut-at-the-salone-del-mobile-milano\/#primaryimage","url":"https:\/\/espattiobrand.com\/wp-content\/uploads\/2025\/06\/imagen-editada-10.jpg","contentUrl":"https:\/\/espattiobrand.com\/wp-content\/uploads\/2025\/06\/imagen-editada-10.jpg","width":2500,"height":1668},{"@type":"BreadcrumbList","@id":"https:\/\/espattiobrand.com\/en\/stories\/fairs-partnerships-showrooms\/espattio-dazzles-in-its-debut-at-the-salone-del-mobile-milano\/#breadcrumb","itemListElement":[{"@type":"ListItem","position":1,"name":"Portada","item":"https:\/\/espattiobrand.com\/en\/"},{"@type":"ListItem","position":2,"name":"esPattio dazzles at its debut at Salone del Mobile Milano"}]},{"@type":"WebSite","@id":"https:\/\/espattiobrand.com\/en\/#website","url":"https:\/\/espattiobrand.com\/en\/","name":"esPattio","description":"","potentialAction":[{"@type":"SearchAction","target":{"@type":"EntryPoint","urlTemplate":"https:\/\/espattiobrand.com\/en\/?s={search_term_string}"},"query-input":{"@type":"PropertyValueSpecification","valueRequired":true,"valueName":"search_term_string"}}],"inLanguage":"en-US"},{"@type":"Person","@id":"https:\/\/espattiobrand.com\/en\/#\/schema\/person\/5975bfc506709632d056e7bf294d09da","name":"Paula"}]}},"_links":{"self":[{"href":"https:\/\/espattiobrand.com\/en\/wp-json\/wp\/v2\/posts\/13497","targetHints":{"allow":["GET"]}}],"collection":[{"href":"https:\/\/espattiobrand.com\/en\/wp-json\/wp\/v2\/posts"}],"about":[{"href":"https:\/\/espattiobrand.com\/en\/wp-json\/wp\/v2\/types\/post"}],"author":[{"embeddable":true,"href":"https:\/\/espattiobrand.com\/en\/wp-json\/wp\/v2\/users\/4"}],"replies":[{"embeddable":true,"href":"https:\/\/espattiobrand.com\/en\/wp-json\/wp\/v2\/comments?post=13497"}],"version-history":[{"count":4,"href":"https:\/\/espattiobrand.com\/en\/wp-json\/wp\/v2\/posts\/13497\/revisions"}],"predecessor-version":[{"id":13630,"href":"https:\/\/espattiobrand.com\/en\/wp-json\/wp\/v2\/posts\/13497\/revisions\/13630"}],"wp:featuredmedia":[{"embeddable":true,"href":"https:\/\/espattiobrand.com\/en\/wp-json\/wp\/v2\/media\/12999"}],"wp:attachment":[{"href":"https:\/\/espattiobrand.com\/en\/wp-json\/wp\/v2\/media?parent=13497"}],"wp:term":[{"taxonomy":"category","embeddable":true,"href":"https:\/\/espattiobrand.com\/en\/wp-json\/wp\/v2\/categories?post=13497"},{"taxonomy":"post_tag","embeddable":true,"href":"https:\/\/espattiobrand.com\/en\/wp-json\/wp\/v2\/tags?post=13497"}],"curies":[{"name":"wp","href":"https:\/\/api.w.org\/{rel}","templated":true}]}}