{"id":12528,"date":"2025-04-07T13:10:15","date_gmt":"2025-04-07T11:10:15","guid":{"rendered":"https:\/\/espattiobrand.com\/?p=12528"},"modified":"2025-06-13T08:25:05","modified_gmt":"2025-06-13T06:25:05","slug":"exito-rotundo-en-el-evento-le-off-de-paris","status":"publish","type":"post","link":"https:\/\/espattiobrand.com\/fr\/histoires\/foires-partenariats-et-showrooms\/exito-rotundo-en-el-evento-le-off-de-paris\/","title":{"rendered":"Success at Le Off event in Paris"},"content":{"rendered":"\n<details class=\"wp-block-details is-layout-flow wp-block-details-is-layout-flow\"><summary>Du 25 au 27 mars, esPattio et Forma 5 ont offert une exp\u00e9rience exclusive \u00e0 nos clients fran\u00e7ais dans le showroom de Paris, avec la d\u00e9couverte de nos designs, des lancements en avant-premi\u00e8re et une soir\u00e9e plong\u00e9e dans la culture du Sud.<\/summary>\n<p><\/p>\n<\/details>\n\n\n\n<div class=\"wp-block-columns are-vertically-aligned-center is-layout-flex wp-container-core-columns-is-layout-9d6595d7 wp-block-columns-is-layout-flex\">\n<div class=\"wp-block-column is-vertically-aligned-center is-layout-flow wp-block-column-is-layout-flow\">\n<p>Pour esPattio, chaque meuble est une invitation \u00e0 d\u00e9couvrir le Sud. Depuis notre cr\u00e9ation, nous avons voulu offrir \u00e0 nos clients plus que de simples produits : une exp\u00e9rience sensorielle qui apporte la chaleur, les couleurs vibrantes et la lumi\u00e8re du Sud aux quatre coins du monde. \u00c0 travers nos \u00e9v\u00e9nements, nous cherchons \u00e0 ce que ceux qui nous rendent visite ne se contentent pas d&rsquo;observer, mais fassent partie de notre processus et partagent l&rsquo;identit\u00e9 qui nous inspire.<\/p>\n\n\n\n<p>Ces principes nous ont amen\u00e9s \u00e0 organiser les journ\u00e9es Le Off dans notre showroom parisien. Trois jours au cours desquels nos partenaires francophones ont v\u00e9cu une exp\u00e9rience inoubliable en d\u00e9couvrant, en exclusivit\u00e9, les d\u00e9tails qui rendent nos cr\u00e9ations vraiment sp\u00e9ciales.<\/p>\n\n\n\n<p>Vous voulez conna\u00eetre tous les d\u00e9tails qui ont fait le succ\u00e8s des journ\u00e9es Le Off ? Peut-\u00eatre voulez-vous savoir comment vous inscrire pour ne pas manquer le prochain \u00e9v\u00e9nement dans notre showroom parisien ? Et d\u00e9couvrir quels seront nos prochains \u00e9v\u00e9nements ? Rejoignez-nous dans cette br\u00e8ve lecture pour d\u00e9couvrir les r\u00e9ponses \u00e0 ces questions.<\/p>\n<\/div>\n\n\n\n<div class=\"wp-block-column is-vertically-aligned-center is-layout-flow wp-block-column-is-layout-flow\">\n<figure class=\"wp-block-image size-large\"><img loading=\"lazy\" decoding=\"async\" width=\"1024\" height=\"683\" src=\"https:\/\/espattiobrand.com\/wp-content\/uploads\/2025\/04\/216A9685-Avec-accentuation-Bruit-1024x683.jpg\" alt=\"\" class=\"wp-image-12370\" srcset=\"https:\/\/espattiobrand.com\/wp-content\/uploads\/2025\/04\/216A9685-Avec-accentuation-Bruit-1024x683.jpg 1024w, https:\/\/espattiobrand.com\/wp-content\/uploads\/2025\/04\/216A9685-Avec-accentuation-Bruit-300x200.jpg 300w, https:\/\/espattiobrand.com\/wp-content\/uploads\/2025\/04\/216A9685-Avec-accentuation-Bruit-768x512.jpg 768w, https:\/\/espattiobrand.com\/wp-content\/uploads\/2025\/04\/216A9685-Avec-accentuation-Bruit-1536x1024.jpg 1536w, https:\/\/espattiobrand.com\/wp-content\/uploads\/2025\/04\/216A9685-Avec-accentuation-Bruit-2048x1366.jpg 2048w\" sizes=\"auto, (max-width: 1024px) 100vw, 1024px\" \/><\/figure>\n\n\n\n<figure class=\"wp-block-image size-large\"><img loading=\"lazy\" decoding=\"async\" width=\"1024\" height=\"683\" src=\"https:\/\/espattiobrand.com\/wp-content\/uploads\/2025\/04\/216A9709-Avec-accentuation-Bruit-1024x683.jpg\" alt=\"\" class=\"wp-image-12362\" srcset=\"https:\/\/espattiobrand.com\/wp-content\/uploads\/2025\/04\/216A9709-Avec-accentuation-Bruit-1024x683.jpg 1024w, https:\/\/espattiobrand.com\/wp-content\/uploads\/2025\/04\/216A9709-Avec-accentuation-Bruit-300x200.jpg 300w, https:\/\/espattiobrand.com\/wp-content\/uploads\/2025\/04\/216A9709-Avec-accentuation-Bruit-768x512.jpg 768w, https:\/\/espattiobrand.com\/wp-content\/uploads\/2025\/04\/216A9709-Avec-accentuation-Bruit-1536x1024.jpg 1536w, https:\/\/espattiobrand.com\/wp-content\/uploads\/2025\/04\/216A9709-Avec-accentuation-Bruit-2048x1366.jpg 2048w\" sizes=\"auto, (max-width: 1024px) 100vw, 1024px\" \/><\/figure>\n<\/div>\n<\/div>\n\n\n\n<div class=\"wp-block-columns are-vertically-aligned-center is-layout-flex wp-container-core-columns-is-layout-9d6595d7 wp-block-columns-is-layout-flex\">\n<div class=\"wp-block-column is-vertically-aligned-center is-layout-flow wp-block-column-is-layout-flow\">\n<figure class=\"wp-block-image size-large\"><img loading=\"lazy\" decoding=\"async\" width=\"1024\" height=\"683\" src=\"https:\/\/espattiobrand.com\/wp-content\/uploads\/2025\/04\/216A9621-Avec-accentuation-Bruit-1024x683.jpg\" alt=\"\" class=\"wp-image-12374\" srcset=\"https:\/\/espattiobrand.com\/wp-content\/uploads\/2025\/04\/216A9621-Avec-accentuation-Bruit-1024x683.jpg 1024w, https:\/\/espattiobrand.com\/wp-content\/uploads\/2025\/04\/216A9621-Avec-accentuation-Bruit-300x200.jpg 300w, https:\/\/espattiobrand.com\/wp-content\/uploads\/2025\/04\/216A9621-Avec-accentuation-Bruit-768x512.jpg 768w, https:\/\/espattiobrand.com\/wp-content\/uploads\/2025\/04\/216A9621-Avec-accentuation-Bruit-1536x1024.jpg 1536w, https:\/\/espattiobrand.com\/wp-content\/uploads\/2025\/04\/216A9621-Avec-accentuation-Bruit-2048x1366.jpg 2048w\" sizes=\"auto, (max-width: 1024px) 100vw, 1024px\" \/><\/figure>\n\n\n\n<figure class=\"wp-block-image size-large\"><img loading=\"lazy\" decoding=\"async\" width=\"1024\" height=\"683\" src=\"https:\/\/espattiobrand.com\/wp-content\/uploads\/2025\/04\/216A9674-Avec-accentuation-Bruit-1024x683.jpg\" alt=\"\" class=\"wp-image-12378\" srcset=\"https:\/\/espattiobrand.com\/wp-content\/uploads\/2025\/04\/216A9674-Avec-accentuation-Bruit-1024x683.jpg 1024w, https:\/\/espattiobrand.com\/wp-content\/uploads\/2025\/04\/216A9674-Avec-accentuation-Bruit-300x200.jpg 300w, https:\/\/espattiobrand.com\/wp-content\/uploads\/2025\/04\/216A9674-Avec-accentuation-Bruit-768x512.jpg 768w, https:\/\/espattiobrand.com\/wp-content\/uploads\/2025\/04\/216A9674-Avec-accentuation-Bruit-1536x1024.jpg 1536w, https:\/\/espattiobrand.com\/wp-content\/uploads\/2025\/04\/216A9674-Avec-accentuation-Bruit-2048x1366.jpg 2048w\" sizes=\"auto, (max-width: 1024px) 100vw, 1024px\" \/><\/figure>\n\n\n\n<figure class=\"wp-block-image size-large\"><img loading=\"lazy\" decoding=\"async\" width=\"1024\" height=\"683\" src=\"https:\/\/espattiobrand.com\/wp-content\/uploads\/2025\/04\/216A9477-Avec-accentuation-Bruit-1024x683.jpg\" alt=\"\" class=\"wp-image-12382\" srcset=\"https:\/\/espattiobrand.com\/wp-content\/uploads\/2025\/04\/216A9477-Avec-accentuation-Bruit-1024x683.jpg 1024w, https:\/\/espattiobrand.com\/wp-content\/uploads\/2025\/04\/216A9477-Avec-accentuation-Bruit-300x200.jpg 300w, https:\/\/espattiobrand.com\/wp-content\/uploads\/2025\/04\/216A9477-Avec-accentuation-Bruit-768x512.jpg 768w, https:\/\/espattiobrand.com\/wp-content\/uploads\/2025\/04\/216A9477-Avec-accentuation-Bruit-1536x1024.jpg 1536w, https:\/\/espattiobrand.com\/wp-content\/uploads\/2025\/04\/216A9477-Avec-accentuation-Bruit-2048x1366.jpg 2048w\" sizes=\"auto, (max-width: 1024px) 100vw, 1024px\" \/><\/figure>\n\n\n\n<figure class=\"wp-block-image size-large\"><img loading=\"lazy\" decoding=\"async\" width=\"1024\" height=\"683\" src=\"https:\/\/espattiobrand.com\/wp-content\/uploads\/2025\/04\/216A9574-Avec-accentuation-Bruit-1024x683.jpg\" alt=\"\" class=\"wp-image-12390\" srcset=\"https:\/\/espattiobrand.com\/wp-content\/uploads\/2025\/04\/216A9574-Avec-accentuation-Bruit-1024x683.jpg 1024w, https:\/\/espattiobrand.com\/wp-content\/uploads\/2025\/04\/216A9574-Avec-accentuation-Bruit-300x200.jpg 300w, https:\/\/espattiobrand.com\/wp-content\/uploads\/2025\/04\/216A9574-Avec-accentuation-Bruit-768x512.jpg 768w, https:\/\/espattiobrand.com\/wp-content\/uploads\/2025\/04\/216A9574-Avec-accentuation-Bruit-1536x1024.jpg 1536w, https:\/\/espattiobrand.com\/wp-content\/uploads\/2025\/04\/216A9574-Avec-accentuation-Bruit-2048x1366.jpg 2048w\" sizes=\"auto, (max-width: 1024px) 100vw, 1024px\" \/><\/figure>\n<\/div>\n\n\n\n<div class=\"wp-block-column is-vertically-aligned-center is-layout-flow wp-block-column-is-layout-flow\">\n<h2 class=\"wp-block-heading\">Le Off : l&rsquo;essence du Sud dans l&rsquo;\u00e2me de Paris<\/h2>\n\n\n\n<p>Les journ\u00e9es Le Off (25, 26 et 27 mars) dans notre showroom parisien ont \u00e9t\u00e9 con\u00e7ues comme une invitation pour nos partenaires \u00e0 profiter du march\u00e9 fran\u00e7ais. Au cours de trois soir\u00e9es exceptionnelles, nous avons fait venir le Sud \u00e0 Paris \u00e0 travers sa gastronomie, sa culture et, bien s\u00fbr, nos cr\u00e9ations. C&rsquo;\u00e9tait le cadre id\u00e9al pour que nos invit\u00e9s se rencontrent, d\u00e9couvrent les <a href=\"https:\/\/espattiobrand.com\/fr\/a-propos-de-espattio\/\">secrets d&rsquo;esPattio<\/a> et se plongent dans les \u00e9l\u00e9ments qui d\u00e9finissent notre identit\u00e9 et notre gamme de couleurs incomparables.<\/p>\n\n\n\n<p>Tout au long de ces trois jours, l&rsquo;\u00e9v\u00e9nement a offert aux hommes d&rsquo;affaires, architectes, designers et d\u00e9corateurs d&rsquo;int\u00e9rieur l&rsquo;opportunit\u00e9 d&rsquo;\u00eatre accompagn\u00e9s par notre \u00e9quipe de vente fran\u00e7aise, toujours avec la chaleur qui nous caract\u00e9rise. Au cours de ces soir\u00e9es, les participants ont pu d\u00e9couvrir de plus pr\u00e8s certains des <a href=\"https:\/\/espattiobrand.com\/fr\/collection\/\">designs les plus remarquables d&rsquo;esPattio<\/a>, notamment l&rsquo;incontournable famille Marina, la s\u00e9rie de chaises Abril r\u00e9cemment \u00e9largie et nos derniers lancements, tels que la collection de tables de r\u00e9union Baelo et les poufs innovants Platero. L&rsquo;\u00e9v\u00e9nement a atteint son apog\u00e9e avec la nuit andalouse, au cours de laquelle les participants ont d\u00e9gust\u00e9 une s\u00e9lection des meilleurs produits gastronomiques du Sud, un spectacle de danse flamenco et ont particip\u00e9 \u00e0 des ateliers o\u00f9 ils ont d\u00e9couvert comment sont cr\u00e9\u00e9es des couleurs embl\u00e9matiques telles que Tinto, Azahar ou Do\u00f1ana, s&rsquo;immergeant ainsi encore plus dans l&rsquo;essence de notre marque.<\/p>\n\n\n\n<p>L&rsquo;\u00e9v\u00e9nement, consid\u00e9r\u00e9 comme un succ\u00e8s retentissant tant pour la forte participation que pour son d\u00e9veloppement impeccable, a culmin\u00e9 avec une intervention sp\u00e9ciale du designer fran\u00e7ais <a href=\"http:\/\/www.christophepillet.com\/\">Christophe Pillet<\/a>, qui a pr\u00e9sent\u00e9 sa nouvelle cr\u00e9ation, Aldea, qui rejoindra bient\u00f4t la famille esPattio. Pendant trois jours pleins de lumi\u00e8re, de couleurs et de chaleur, notre salle d&rsquo;exposition au c\u0153ur de Paris a \u00e9t\u00e9 remplie de l&rsquo;\u00e9nergie qui nous caract\u00e9rise, fusionnant notre identit\u00e9, notre amour du design et de l&rsquo;innovation dans chaque coin de l&rsquo;espace.<\/p>\n<\/div>\n<\/div>\n\n\n\n<figure class=\"wp-block-gallery has-nested-images columns-default is-cropped wp-block-gallery-1 is-layout-flex wp-block-gallery-is-layout-flex\">\n<figure class=\"wp-block-image size-large\"><img loading=\"lazy\" decoding=\"async\" width=\"1024\" height=\"683\" data-id=\"12406\" src=\"https:\/\/espattiobrand.com\/wp-content\/uploads\/2025\/04\/216A9928-Avec-accentuation-Bruit-1024x683.jpg\" alt=\"\" class=\"wp-image-12406\" srcset=\"https:\/\/espattiobrand.com\/wp-content\/uploads\/2025\/04\/216A9928-Avec-accentuation-Bruit-1024x683.jpg 1024w, https:\/\/espattiobrand.com\/wp-content\/uploads\/2025\/04\/216A9928-Avec-accentuation-Bruit-300x200.jpg 300w, https:\/\/espattiobrand.com\/wp-content\/uploads\/2025\/04\/216A9928-Avec-accentuation-Bruit-768x512.jpg 768w, https:\/\/espattiobrand.com\/wp-content\/uploads\/2025\/04\/216A9928-Avec-accentuation-Bruit-1536x1024.jpg 1536w, https:\/\/espattiobrand.com\/wp-content\/uploads\/2025\/04\/216A9928-Avec-accentuation-Bruit-2048x1366.jpg 2048w\" sizes=\"auto, (max-width: 1024px) 100vw, 1024px\" \/><\/figure>\n\n\n\n<figure class=\"wp-block-image size-large\"><img loading=\"lazy\" decoding=\"async\" width=\"1024\" height=\"683\" data-id=\"12410\" src=\"https:\/\/espattiobrand.com\/wp-content\/uploads\/2025\/04\/216A9806-Avec-accentuation-Bruit-1024x683.jpg\" alt=\"\" class=\"wp-image-12410\" srcset=\"https:\/\/espattiobrand.com\/wp-content\/uploads\/2025\/04\/216A9806-Avec-accentuation-Bruit-1024x683.jpg 1024w, https:\/\/espattiobrand.com\/wp-content\/uploads\/2025\/04\/216A9806-Avec-accentuation-Bruit-300x200.jpg 300w, https:\/\/espattiobrand.com\/wp-content\/uploads\/2025\/04\/216A9806-Avec-accentuation-Bruit-768x512.jpg 768w, https:\/\/espattiobrand.com\/wp-content\/uploads\/2025\/04\/216A9806-Avec-accentuation-Bruit-1536x1024.jpg 1536w, https:\/\/espattiobrand.com\/wp-content\/uploads\/2025\/04\/216A9806-Avec-accentuation-Bruit-2048x1366.jpg 2048w\" sizes=\"auto, (max-width: 1024px) 100vw, 1024px\" \/><\/figure>\n\n\n\n<figure class=\"wp-block-image size-large\"><img loading=\"lazy\" decoding=\"async\" width=\"1024\" height=\"683\" data-id=\"12402\" src=\"https:\/\/espattiobrand.com\/wp-content\/uploads\/2025\/04\/216A9919-Avec-accentuation-Bruit-1-1024x683.jpg\" alt=\"\" class=\"wp-image-12402\" srcset=\"https:\/\/espattiobrand.com\/wp-content\/uploads\/2025\/04\/216A9919-Avec-accentuation-Bruit-1-1024x683.jpg 1024w, https:\/\/espattiobrand.com\/wp-content\/uploads\/2025\/04\/216A9919-Avec-accentuation-Bruit-1-300x200.jpg 300w, https:\/\/espattiobrand.com\/wp-content\/uploads\/2025\/04\/216A9919-Avec-accentuation-Bruit-1-768x512.jpg 768w, https:\/\/espattiobrand.com\/wp-content\/uploads\/2025\/04\/216A9919-Avec-accentuation-Bruit-1-1536x1024.jpg 1536w, https:\/\/espattiobrand.com\/wp-content\/uploads\/2025\/04\/216A9919-Avec-accentuation-Bruit-1-2048x1366.jpg 2048w\" sizes=\"auto, (max-width: 1024px) 100vw, 1024px\" \/><\/figure>\n<\/figure>\n\n\n\n<figure class=\"wp-block-gallery has-nested-images columns-default is-cropped wp-block-gallery-2 is-layout-flex wp-block-gallery-is-layout-flex\">\n<figure class=\"wp-block-image size-large\"><img loading=\"lazy\" decoding=\"async\" width=\"1024\" height=\"683\" data-id=\"12434\" src=\"https:\/\/espattiobrand.com\/wp-content\/uploads\/2025\/04\/216A9698-Avec-accentuation-Bruit-1-1024x683.jpg\" alt=\"\" class=\"wp-image-12434\" srcset=\"https:\/\/espattiobrand.com\/wp-content\/uploads\/2025\/04\/216A9698-Avec-accentuation-Bruit-1-1024x683.jpg 1024w, https:\/\/espattiobrand.com\/wp-content\/uploads\/2025\/04\/216A9698-Avec-accentuation-Bruit-1-300x200.jpg 300w, https:\/\/espattiobrand.com\/wp-content\/uploads\/2025\/04\/216A9698-Avec-accentuation-Bruit-1-768x512.jpg 768w, https:\/\/espattiobrand.com\/wp-content\/uploads\/2025\/04\/216A9698-Avec-accentuation-Bruit-1-1536x1024.jpg 1536w, https:\/\/espattiobrand.com\/wp-content\/uploads\/2025\/04\/216A9698-Avec-accentuation-Bruit-1-2048x1366.jpg 2048w\" sizes=\"auto, (max-width: 1024px) 100vw, 1024px\" \/><\/figure>\n\n\n\n<figure class=\"wp-block-image size-large\"><img loading=\"lazy\" decoding=\"async\" width=\"1024\" height=\"683\" data-id=\"12442\" src=\"https:\/\/espattiobrand.com\/wp-content\/uploads\/2025\/04\/216A9728-Avec-accentuation-Bruit-1-1024x683.jpg\" alt=\"\" class=\"wp-image-12442\" srcset=\"https:\/\/espattiobrand.com\/wp-content\/uploads\/2025\/04\/216A9728-Avec-accentuation-Bruit-1-1024x683.jpg 1024w, https:\/\/espattiobrand.com\/wp-content\/uploads\/2025\/04\/216A9728-Avec-accentuation-Bruit-1-300x200.jpg 300w, https:\/\/espattiobrand.com\/wp-content\/uploads\/2025\/04\/216A9728-Avec-accentuation-Bruit-1-768x512.jpg 768w, https:\/\/espattiobrand.com\/wp-content\/uploads\/2025\/04\/216A9728-Avec-accentuation-Bruit-1-1536x1024.jpg 1536w, https:\/\/espattiobrand.com\/wp-content\/uploads\/2025\/04\/216A9728-Avec-accentuation-Bruit-1-2048x1366.jpg 2048w\" sizes=\"auto, (max-width: 1024px) 100vw, 1024px\" \/><\/figure>\n\n\n\n<figure class=\"wp-block-image size-large\"><img loading=\"lazy\" decoding=\"async\" width=\"1024\" height=\"683\" data-id=\"12426\" src=\"https:\/\/espattiobrand.com\/wp-content\/uploads\/2025\/04\/216A9757-Avec-accentuation-Bruit-1-1024x683.jpg\" alt=\"\" class=\"wp-image-12426\" srcset=\"https:\/\/espattiobrand.com\/wp-content\/uploads\/2025\/04\/216A9757-Avec-accentuation-Bruit-1-1024x683.jpg 1024w, https:\/\/espattiobrand.com\/wp-content\/uploads\/2025\/04\/216A9757-Avec-accentuation-Bruit-1-300x200.jpg 300w, https:\/\/espattiobrand.com\/wp-content\/uploads\/2025\/04\/216A9757-Avec-accentuation-Bruit-1-768x512.jpg 768w, https:\/\/espattiobrand.com\/wp-content\/uploads\/2025\/04\/216A9757-Avec-accentuation-Bruit-1-1536x1024.jpg 1536w, https:\/\/espattiobrand.com\/wp-content\/uploads\/2025\/04\/216A9757-Avec-accentuation-Bruit-1-2048x1366.jpg 2048w\" sizes=\"auto, (max-width: 1024px) 100vw, 1024px\" \/><\/figure>\n<\/figure>\n\n\n\n<div style=\"height:50px\" aria-hidden=\"true\" class=\"wp-block-spacer\"><\/div>\n\n\n\n<h2 class=\"wp-block-heading\">Le Off, a unique opportunity to live with design<\/h2>\n\n\n\n<p>Le Off a \u00e9t\u00e9 bien plus qu&rsquo;une occasion de renforcer les relations avec nos partenaires du march\u00e9 francophone. Il s&rsquo;agissait d&rsquo;un espace o\u00f9 nous avons pu pr\u00e9senter, de mani\u00e8re directe, les designs qui font d&rsquo;esPattio et de<a href=\"https:\/\/forma5.com\/fr\/\"> Forma 5<\/a> les marques id\u00e9ales pour donner forme \u00e0 des projets innovants. Chaque jour a \u00e9t\u00e9 l&rsquo;occasion de montrer comment nos collections s&rsquo;adaptent parfaitement aux id\u00e9es et aux projets de nos clients.<\/p>\n\n\n\n<p>Au sein de la s\u00e9lection de produits esPattio, des collections telles que Marina, Bow Lounge, Pausa et Libro ont brill\u00e9 de leur propre lumi\u00e8re dans notre salle d&rsquo;exposition parisienne. Chacune d&rsquo;entre elles pr\u00e9sentait toute l&rsquo;\u00e9l\u00e9gance de ses tissus, le caract\u00e8re unique de notre palette de couleurs, l&rsquo;innovation qui les caract\u00e9rise et leur engagement ferme en faveur du d\u00e9veloppement durable. Nos derniers lancements \u00e9taient \u00e9galement \u00e0 l&rsquo;honneur, avec la famille de tables Baelo, les poufs Platero et les extensions des s\u00e9ries <a href=\"https:\/\/espattiobrand.com\/fr\/collection\/canape-amivera\/\">Amivera<\/a> et <a href=\"https:\/\/espattiobrand.com\/fr\/collection\/abril\/\">Abril<\/a>, qui ont occup\u00e9 le devant de la sc\u00e8ne tout au long de l&rsquo;\u00e9v\u00e9nement. Forma 5 \u00e9tait \u00e9galement repr\u00e9sent\u00e9 avec certains de ses designs les plus embl\u00e9matiques, y compris son dernier lancement, la s\u00e9rie de tables <a href=\"https:\/\/forma5.com\/fr\/tables-bureaux\/polyvalents\/dimmer\/\">Dimmer,<\/a> qui a compl\u00e9t\u00e9 la proposition et fait la diff\u00e9rence dans l&rsquo;espace.<\/p>\n\n\n\n<p>Lors d&rsquo;un moment exclusif de l&rsquo;\u00e9v\u00e9nement, nous avons pr\u00e9sent\u00e9 \u00e0 nos clients quelques-unes des futures cr\u00e9ations qui verront bient\u00f4t le jour. Outre la s\u00e9rie Aldea, d\u00e9voil\u00e9e en direct par son cr\u00e9ateur, Christophe Pillet, nos invit\u00e9s ont pu d\u00e9couvrir en avant-premi\u00e8re nos nouveaut\u00e9s les plus attendues. Sans aucun doute, une exp\u00e9rience unique qui ne peut \u00eatre v\u00e9cue qu&rsquo;en visitant nos showrooms ou sur nos stands lors d&rsquo;\u00e9v\u00e9nements sp\u00e9ciaux.<\/p>\n\n\n\n<figure class=\"wp-block-gallery has-nested-images columns-default is-cropped wp-block-gallery-3 is-layout-flex wp-block-gallery-is-layout-flex\">\n<figure class=\"wp-block-image size-large\"><img loading=\"lazy\" decoding=\"async\" width=\"1024\" height=\"683\" data-id=\"12478\" src=\"https:\/\/espattiobrand.com\/wp-content\/uploads\/2025\/04\/216A9468-Avec-accentuation-Bruit-5-1024x683.jpg\" alt=\"\" class=\"wp-image-12478\" srcset=\"https:\/\/espattiobrand.com\/wp-content\/uploads\/2025\/04\/216A9468-Avec-accentuation-Bruit-5-1024x683.jpg 1024w, https:\/\/espattiobrand.com\/wp-content\/uploads\/2025\/04\/216A9468-Avec-accentuation-Bruit-5-300x200.jpg 300w, https:\/\/espattiobrand.com\/wp-content\/uploads\/2025\/04\/216A9468-Avec-accentuation-Bruit-5-768x512.jpg 768w, https:\/\/espattiobrand.com\/wp-content\/uploads\/2025\/04\/216A9468-Avec-accentuation-Bruit-5-1536x1024.jpg 1536w, https:\/\/espattiobrand.com\/wp-content\/uploads\/2025\/04\/216A9468-Avec-accentuation-Bruit-5-2048x1366.jpg 2048w\" sizes=\"auto, (max-width: 1024px) 100vw, 1024px\" \/><\/figure>\n\n\n\n<figure class=\"wp-block-image size-large\"><img loading=\"lazy\" decoding=\"async\" width=\"1024\" height=\"683\" data-id=\"12486\" src=\"https:\/\/espattiobrand.com\/wp-content\/uploads\/2025\/04\/216A9473-Avec-accentuation-Bruit-2-1024x683.jpg\" alt=\"\" class=\"wp-image-12486\" srcset=\"https:\/\/espattiobrand.com\/wp-content\/uploads\/2025\/04\/216A9473-Avec-accentuation-Bruit-2-1024x683.jpg 1024w, https:\/\/espattiobrand.com\/wp-content\/uploads\/2025\/04\/216A9473-Avec-accentuation-Bruit-2-300x200.jpg 300w, https:\/\/espattiobrand.com\/wp-content\/uploads\/2025\/04\/216A9473-Avec-accentuation-Bruit-2-768x512.jpg 768w, https:\/\/espattiobrand.com\/wp-content\/uploads\/2025\/04\/216A9473-Avec-accentuation-Bruit-2-1536x1024.jpg 1536w, https:\/\/espattiobrand.com\/wp-content\/uploads\/2025\/04\/216A9473-Avec-accentuation-Bruit-2-2048x1366.jpg 2048w\" sizes=\"auto, (max-width: 1024px) 100vw, 1024px\" \/><\/figure>\n\n\n\n<figure class=\"wp-block-image size-large\"><img loading=\"lazy\" decoding=\"async\" width=\"1024\" height=\"683\" data-id=\"12482\" src=\"https:\/\/espattiobrand.com\/wp-content\/uploads\/2025\/04\/216A9458-Avec-accentuation-Bruit-1024x683.jpg\" alt=\"\" class=\"wp-image-12482\" srcset=\"https:\/\/espattiobrand.com\/wp-content\/uploads\/2025\/04\/216A9458-Avec-accentuation-Bruit-1024x683.jpg 1024w, https:\/\/espattiobrand.com\/wp-content\/uploads\/2025\/04\/216A9458-Avec-accentuation-Bruit-300x200.jpg 300w, https:\/\/espattiobrand.com\/wp-content\/uploads\/2025\/04\/216A9458-Avec-accentuation-Bruit-768x512.jpg 768w, https:\/\/espattiobrand.com\/wp-content\/uploads\/2025\/04\/216A9458-Avec-accentuation-Bruit-1536x1024.jpg 1536w, https:\/\/espattiobrand.com\/wp-content\/uploads\/2025\/04\/216A9458-Avec-accentuation-Bruit-2048x1366.jpg 2048w\" sizes=\"auto, (max-width: 1024px) 100vw, 1024px\" \/><\/figure>\n<\/figure>\n\n\n\n<figure class=\"wp-block-gallery has-nested-images columns-default is-cropped wp-block-gallery-4 is-layout-flex wp-block-gallery-is-layout-flex\">\n<figure class=\"wp-block-image size-large\"><img loading=\"lazy\" decoding=\"async\" width=\"1024\" height=\"683\" data-id=\"12498\" src=\"https:\/\/espattiobrand.com\/wp-content\/uploads\/2025\/04\/216A9534-Avec-accentuation-Bruit-1024x683.jpg\" alt=\"\" class=\"wp-image-12498\" srcset=\"https:\/\/espattiobrand.com\/wp-content\/uploads\/2025\/04\/216A9534-Avec-accentuation-Bruit-1024x683.jpg 1024w, https:\/\/espattiobrand.com\/wp-content\/uploads\/2025\/04\/216A9534-Avec-accentuation-Bruit-300x200.jpg 300w, https:\/\/espattiobrand.com\/wp-content\/uploads\/2025\/04\/216A9534-Avec-accentuation-Bruit-768x512.jpg 768w, https:\/\/espattiobrand.com\/wp-content\/uploads\/2025\/04\/216A9534-Avec-accentuation-Bruit-1536x1024.jpg 1536w, https:\/\/espattiobrand.com\/wp-content\/uploads\/2025\/04\/216A9534-Avec-accentuation-Bruit-2048x1366.jpg 2048w\" sizes=\"auto, (max-width: 1024px) 100vw, 1024px\" \/><\/figure>\n\n\n\n<figure class=\"wp-block-image size-large\"><img loading=\"lazy\" decoding=\"async\" width=\"1024\" height=\"683\" data-id=\"12506\" src=\"https:\/\/espattiobrand.com\/wp-content\/uploads\/2025\/04\/216A9542-Avec-accentuation-Bruit-1024x683.jpg\" alt=\"\" class=\"wp-image-12506\" srcset=\"https:\/\/espattiobrand.com\/wp-content\/uploads\/2025\/04\/216A9542-Avec-accentuation-Bruit-1024x683.jpg 1024w, https:\/\/espattiobrand.com\/wp-content\/uploads\/2025\/04\/216A9542-Avec-accentuation-Bruit-300x200.jpg 300w, https:\/\/espattiobrand.com\/wp-content\/uploads\/2025\/04\/216A9542-Avec-accentuation-Bruit-768x512.jpg 768w, https:\/\/espattiobrand.com\/wp-content\/uploads\/2025\/04\/216A9542-Avec-accentuation-Bruit-1536x1024.jpg 1536w, https:\/\/espattiobrand.com\/wp-content\/uploads\/2025\/04\/216A9542-Avec-accentuation-Bruit-2048x1366.jpg 2048w\" sizes=\"auto, (max-width: 1024px) 100vw, 1024px\" \/><\/figure>\n\n\n\n<figure class=\"wp-block-image size-large\"><img loading=\"lazy\" decoding=\"async\" width=\"1024\" height=\"683\" data-id=\"12502\" src=\"https:\/\/espattiobrand.com\/wp-content\/uploads\/2025\/04\/216A9541-Avec-accentuation-Bruit-1024x683.jpg\" alt=\"\" class=\"wp-image-12502\" srcset=\"https:\/\/espattiobrand.com\/wp-content\/uploads\/2025\/04\/216A9541-Avec-accentuation-Bruit-1024x683.jpg 1024w, https:\/\/espattiobrand.com\/wp-content\/uploads\/2025\/04\/216A9541-Avec-accentuation-Bruit-300x200.jpg 300w, https:\/\/espattiobrand.com\/wp-content\/uploads\/2025\/04\/216A9541-Avec-accentuation-Bruit-768x512.jpg 768w, https:\/\/espattiobrand.com\/wp-content\/uploads\/2025\/04\/216A9541-Avec-accentuation-Bruit-1536x1024.jpg 1536w, https:\/\/espattiobrand.com\/wp-content\/uploads\/2025\/04\/216A9541-Avec-accentuation-Bruit-2048x1366.jpg 2048w\" sizes=\"auto, (max-width: 1024px) 100vw, 1024px\" \/><\/figure>\n<\/figure>\n\n\n\n<h3 class=\"wp-block-heading\">Vous souhaitez participer \u00e0 l&rsquo;un de nos prochains \u00e9v\u00e9nements ?<\/h3>\n\n\n\n<p>Le Off n&rsquo;\u00e9tait qu&rsquo;un des nombreux \u00e9v\u00e9nements pr\u00e9vus par esPattio pour 2025, et comme celui qui s&rsquo;est tenu dans notre showroom parisien, nous nous attendons \u00e0 ce qu&rsquo;ils soient tous un succ\u00e8s retentissant. Vous souhaitez savoir comment participer \u00e0 l&rsquo;un de nos prochains \u00e9v\u00e9nements ? Voici une liste des principaux salons et expositions auxquels nous participerons cette ann\u00e9e :<\/p>\n\n\n\n<ul class=\"wp-block-list\">\n<li><strong>Salone Internazionale del Mobile \u2013 Mil\u00e1n \u2013 Avril<\/strong><\/li>\n\n\n\n<li><strong>Clerkenwell Design Week \u2013 Londr\u00e9s \u2013 Mai<\/strong><\/li>\n\n\n\n<li><strong>The Design Workspace Expo \u2013 Madrid &#8211; Mai<\/strong><\/li>\n\n\n\n<li><strong>Fulton Market Design Days \u2013 Chicago \u2013 Juin<\/strong><\/li>\n<\/ul>\n\n\n\n<figure class=\"wp-block-image size-large\"><img loading=\"lazy\" decoding=\"async\" width=\"1024\" height=\"448\" src=\"https:\/\/espattiobrand.com\/wp-content\/uploads\/2025\/04\/Firma-1024x448.jpg\" alt=\"\" class=\"wp-image-12494\" srcset=\"https:\/\/espattiobrand.com\/wp-content\/uploads\/2025\/04\/Firma-1024x448.jpg 1024w, https:\/\/espattiobrand.com\/wp-content\/uploads\/2025\/04\/Firma-300x131.jpg 300w, https:\/\/espattiobrand.com\/wp-content\/uploads\/2025\/04\/Firma-768x336.jpg 768w, https:\/\/espattiobrand.com\/wp-content\/uploads\/2025\/04\/Firma-1536x672.jpg 1536w, https:\/\/espattiobrand.com\/wp-content\/uploads\/2025\/04\/Firma.jpg 1667w\" sizes=\"auto, (max-width: 1024px) 100vw, 1024px\" \/><\/figure>\n\n\n\n<p><\/p>\n\n\n\n<p>De m\u00eame, si vous souhaitez recevoir des invitations aux \u00e9v\u00e9nements que nous organisons dans nos showrooms et coworkings \u00e0 travers le monde, il vous suffit de cliquer sur l&rsquo;onglet <a href=\"https:\/\/espattiobrand.com\/fr\/contact\/\">Contact <\/a>et d&rsquo;entrer en contact avec le repr\u00e9sentant commercial de votre r\u00e9gion. Ainsi, non seulement vous ferez partie de la merveilleuse famille esPattio, mais vous serez \u00e9galement le premier \u00e0 conna\u00eetre nos derni\u00e8res nouvelles et vous aurez un acc\u00e8s exclusif \u00e0 toutes nos activit\u00e9s.<\/p>\n\n\n\n<p>La participation \u00e0 ces \u00e9v\u00e9nements sera non seulement une formidable occasion d&rsquo;\u00e9largir votre r\u00e9seau de contacts dans le secteur, mais elle vous permettra \u00e9galement de participer \u00e0 des tirages au sort de meubles exclusifs, au merchandising esPattio et, en outre, d&rsquo;organiser des visites \u00e0 S\u00e9ville pour rencontrer nos installations centrales et l&rsquo;\u00e9quipe de Grupo Forma 5. Une exp\u00e9rience unique \u00e0 ne pas manquer !<\/p>\n\n\n<div class=\"wp-block-image\">\n<figure class=\"aligncenter size-large is-resized\"><img loading=\"lazy\" decoding=\"async\" width=\"1024\" height=\"433\" src=\"https:\/\/espattiobrand.com\/wp-content\/uploads\/2024\/09\/contact-furniture-projects-1024x433.webp\" alt=\"contact furniture projects\" class=\"wp-image-10589\" style=\"object-fit:contain;width:750px;height:350px\" srcset=\"https:\/\/espattiobrand.com\/wp-content\/uploads\/2024\/09\/contact-furniture-projects-1024x433.webp 1024w, https:\/\/espattiobrand.com\/wp-content\/uploads\/2024\/09\/contact-furniture-projects-300x127.webp 300w, https:\/\/espattiobrand.com\/wp-content\/uploads\/2024\/09\/contact-furniture-projects-768x325.webp 768w, https:\/\/espattiobrand.com\/wp-content\/uploads\/2024\/09\/contact-furniture-projects.webp 1300w\" sizes=\"auto, (max-width: 1024px) 100vw, 1024px\" \/><\/figure><\/div>\n\n\n<p>Enfin, toute la famille esPattio tient \u00e0 remercier l&rsquo;ensemble des partenaires qui nous ont rejoints lors de l&rsquo;\u00e9v\u00e9nement Le Off \u00e0 Paris. Ce fut un r\u00e9el plaisir de vous accueillir dans notre showroom, et nous esp\u00e9rons vous retrouver lors des prochains \u00e9v\u00e9nements que nous organiserons dans la capitale fran\u00e7aise. Merci d&rsquo;avoir particip\u00e9 \u00e0 cette exp\u00e9rience unique !<\/p>\n\n\n\n<p><strong>A bient\u00f4t!<\/strong><\/p>\n","protected":false},"excerpt":{"rendered":"<p>Pour esPattio, chaque meuble est une invitation \u00e0 d\u00e9couvrir le Sud. Depuis notre cr\u00e9ation, nous avons voulu offrir \u00e0 nos clients plus que de simples produits : une exp\u00e9rience sensorielle qui apporte la chaleur, les couleurs vibrantes et la lumi\u00e8re du Sud aux quatre coins du monde. \u00c0 travers nos \u00e9v\u00e9nements, nous cherchons \u00e0 ce [&hellip;]<\/p>\n","protected":false},"author":2,"featured_media":12364,"comment_status":"closed","ping_status":"closed","sticky":false,"template":"","format":"standard","meta":{"_acf_changed":false,"footnotes":""},"categories":[78,72],"tags":[162,185],"class_list":["post-12528","post","type-post","status-publish","format-standard","has-post-thumbnail","hentry","category-foires-partenariats-et-showrooms","category-histoires","tag-eventos-fr","tag-francia-fr"],"acf":[],"yoast_head":"<!-- This site is optimized with the Yoast SEO plugin v25.3 - https:\/\/yoast.com\/wordpress\/plugins\/seo\/ -->\n<title>Success at Le Off event in Paris - esPattio<\/title>\n<meta name=\"description\" content=\"Revisitez les journ\u00e9es Le Off de notre showroom \u00e0 Paris et d\u00e9couvrez comment vous inscrire au prochain \u00e9v\u00e9nement !\" \/>\n<meta name=\"robots\" content=\"index, follow, max-snippet:-1, max-image-preview:large, max-video-preview:-1\" \/>\n<link rel=\"canonical\" href=\"https:\/\/espattiobrand.com\/fr\/histoires\/foires-partenariats-et-showrooms\/exito-rotundo-en-el-evento-le-off-de-paris\/\" \/>\n<meta property=\"og:locale\" content=\"fr_FR\" \/>\n<meta property=\"og:type\" content=\"article\" \/>\n<meta property=\"og:title\" content=\"Success at Le Off event in Paris - esPattio\" \/>\n<meta property=\"og:description\" content=\"Revisitez les journ\u00e9es Le Off de notre showroom \u00e0 Paris et d\u00e9couvrez comment vous inscrire au prochain \u00e9v\u00e9nement !\" \/>\n<meta property=\"og:url\" content=\"https:\/\/espattiobrand.com\/fr\/histoires\/foires-partenariats-et-showrooms\/exito-rotundo-en-el-evento-le-off-de-paris\/\" \/>\n<meta property=\"og:site_name\" content=\"esPattio\" \/>\n<meta property=\"article:published_time\" content=\"2025-04-07T11:10:15+00:00\" \/>\n<meta property=\"article:modified_time\" content=\"2025-06-13T06:25:05+00:00\" \/>\n<meta property=\"og:image\" content=\"https:\/\/espattiobrand.com\/wp-content\/uploads\/2025\/04\/216A9709-Avec-accentuation-Bruit-1024x683.jpg\" \/>\n\t<meta property=\"og:image:width\" content=\"1024\" \/>\n\t<meta property=\"og:image:height\" content=\"683\" \/>\n\t<meta property=\"og:image:type\" content=\"image\/jpeg\" \/>\n<meta name=\"author\" content=\"esPattio Marketing\" \/>\n<meta name=\"twitter:card\" content=\"summary_large_image\" \/>\n<meta name=\"twitter:label1\" content=\"\u00c9crit par\" \/>\n\t<meta name=\"twitter:data1\" content=\"esPattio Marketing\" \/>\n\t<meta name=\"twitter:label2\" content=\"Dur\u00e9e de lecture estim\u00e9e\" \/>\n\t<meta name=\"twitter:data2\" content=\"10 minutes\" \/>\n<script type=\"application\/ld+json\" class=\"yoast-schema-graph\">{\"@context\":\"https:\/\/schema.org\",\"@graph\":[{\"@type\":\"WebPage\",\"@id\":\"https:\/\/espattiobrand.com\/fr\/histoires\/foires-partenariats-et-showrooms\/exito-rotundo-en-el-evento-le-off-de-paris\/\",\"url\":\"https:\/\/espattiobrand.com\/fr\/histoires\/foires-partenariats-et-showrooms\/exito-rotundo-en-el-evento-le-off-de-paris\/\",\"name\":\"Success at Le Off event in Paris - esPattio\",\"isPartOf\":{\"@id\":\"https:\/\/espattiobrand.com\/fr\/#website\"},\"primaryImageOfPage\":{\"@id\":\"https:\/\/espattiobrand.com\/fr\/histoires\/foires-partenariats-et-showrooms\/exito-rotundo-en-el-evento-le-off-de-paris\/#primaryimage\"},\"image\":{\"@id\":\"https:\/\/espattiobrand.com\/fr\/histoires\/foires-partenariats-et-showrooms\/exito-rotundo-en-el-evento-le-off-de-paris\/#primaryimage\"},\"thumbnailUrl\":\"https:\/\/espattiobrand.com\/wp-content\/uploads\/2025\/04\/216A9709-Avec-accentuation-Bruit.jpg\",\"datePublished\":\"2025-04-07T11:10:15+00:00\",\"dateModified\":\"2025-06-13T06:25:05+00:00\",\"author\":{\"@id\":\"https:\/\/espattiobrand.com\/fr\/#\/schema\/person\/7708ee8a1f95b2cc235dd82defcab40f\"},\"description\":\"Revisitez les journ\u00e9es Le Off de notre showroom \u00e0 Paris et d\u00e9couvrez comment vous inscrire au prochain \u00e9v\u00e9nement !\",\"breadcrumb\":{\"@id\":\"https:\/\/espattiobrand.com\/fr\/histoires\/foires-partenariats-et-showrooms\/exito-rotundo-en-el-evento-le-off-de-paris\/#breadcrumb\"},\"inLanguage\":\"fr-FR\",\"potentialAction\":[{\"@type\":\"ReadAction\",\"target\":[\"https:\/\/espattiobrand.com\/fr\/histoires\/foires-partenariats-et-showrooms\/exito-rotundo-en-el-evento-le-off-de-paris\/\"]}]},{\"@type\":\"ImageObject\",\"inLanguage\":\"fr-FR\",\"@id\":\"https:\/\/espattiobrand.com\/fr\/histoires\/foires-partenariats-et-showrooms\/exito-rotundo-en-el-evento-le-off-de-paris\/#primaryimage\",\"url\":\"https:\/\/espattiobrand.com\/wp-content\/uploads\/2025\/04\/216A9709-Avec-accentuation-Bruit.jpg\",\"contentUrl\":\"https:\/\/espattiobrand.com\/wp-content\/uploads\/2025\/04\/216A9709-Avec-accentuation-Bruit.jpg\",\"width\":2500,\"height\":1667},{\"@type\":\"BreadcrumbList\",\"@id\":\"https:\/\/espattiobrand.com\/fr\/histoires\/foires-partenariats-et-showrooms\/exito-rotundo-en-el-evento-le-off-de-paris\/#breadcrumb\",\"itemListElement\":[{\"@type\":\"ListItem\",\"position\":1,\"name\":\"Portada\",\"item\":\"https:\/\/espattiobrand.com\/fr\/\"},{\"@type\":\"ListItem\",\"position\":2,\"name\":\"Success at Le Off event in Paris\"}]},{\"@type\":\"WebSite\",\"@id\":\"https:\/\/espattiobrand.com\/fr\/#website\",\"url\":\"https:\/\/espattiobrand.com\/fr\/\",\"name\":\"esPattio\",\"description\":\"\",\"potentialAction\":[{\"@type\":\"SearchAction\",\"target\":{\"@type\":\"EntryPoint\",\"urlTemplate\":\"https:\/\/espattiobrand.com\/fr\/?s={search_term_string}\"},\"query-input\":{\"@type\":\"PropertyValueSpecification\",\"valueRequired\":true,\"valueName\":\"search_term_string\"}}],\"inLanguage\":\"fr-FR\"},{\"@type\":\"Person\",\"@id\":\"https:\/\/espattiobrand.com\/fr\/#\/schema\/person\/7708ee8a1f95b2cc235dd82defcab40f\",\"name\":\"esPattio Marketing\",\"sameAs\":[\"https:\/\/espattiobrand.com\/\"]}]}<\/script>\n<!-- \/ Yoast SEO plugin. -->","yoast_head_json":{"title":"Success at Le Off event in Paris - esPattio","description":"Revisitez les journ\u00e9es Le Off de notre showroom \u00e0 Paris et d\u00e9couvrez comment vous inscrire au prochain \u00e9v\u00e9nement !","robots":{"index":"index","follow":"follow","max-snippet":"max-snippet:-1","max-image-preview":"max-image-preview:large","max-video-preview":"max-video-preview:-1"},"canonical":"https:\/\/espattiobrand.com\/fr\/histoires\/foires-partenariats-et-showrooms\/exito-rotundo-en-el-evento-le-off-de-paris\/","og_locale":"fr_FR","og_type":"article","og_title":"Success at Le Off event in Paris - esPattio","og_description":"Revisitez les journ\u00e9es Le Off de notre showroom \u00e0 Paris et d\u00e9couvrez comment vous inscrire au prochain \u00e9v\u00e9nement !","og_url":"https:\/\/espattiobrand.com\/fr\/histoires\/foires-partenariats-et-showrooms\/exito-rotundo-en-el-evento-le-off-de-paris\/","og_site_name":"esPattio","article_published_time":"2025-04-07T11:10:15+00:00","article_modified_time":"2025-06-13T06:25:05+00:00","og_image":[{"width":1024,"height":683,"url":"https:\/\/espattiobrand.com\/wp-content\/uploads\/2025\/04\/216A9709-Avec-accentuation-Bruit-1024x683.jpg","type":"image\/jpeg"}],"author":"esPattio Marketing","twitter_card":"summary_large_image","twitter_misc":{"\u00c9crit par":"esPattio Marketing","Dur\u00e9e de lecture estim\u00e9e":"10 minutes"},"schema":{"@context":"https:\/\/schema.org","@graph":[{"@type":"WebPage","@id":"https:\/\/espattiobrand.com\/fr\/histoires\/foires-partenariats-et-showrooms\/exito-rotundo-en-el-evento-le-off-de-paris\/","url":"https:\/\/espattiobrand.com\/fr\/histoires\/foires-partenariats-et-showrooms\/exito-rotundo-en-el-evento-le-off-de-paris\/","name":"Success at Le Off event in Paris - esPattio","isPartOf":{"@id":"https:\/\/espattiobrand.com\/fr\/#website"},"primaryImageOfPage":{"@id":"https:\/\/espattiobrand.com\/fr\/histoires\/foires-partenariats-et-showrooms\/exito-rotundo-en-el-evento-le-off-de-paris\/#primaryimage"},"image":{"@id":"https:\/\/espattiobrand.com\/fr\/histoires\/foires-partenariats-et-showrooms\/exito-rotundo-en-el-evento-le-off-de-paris\/#primaryimage"},"thumbnailUrl":"https:\/\/espattiobrand.com\/wp-content\/uploads\/2025\/04\/216A9709-Avec-accentuation-Bruit.jpg","datePublished":"2025-04-07T11:10:15+00:00","dateModified":"2025-06-13T06:25:05+00:00","author":{"@id":"https:\/\/espattiobrand.com\/fr\/#\/schema\/person\/7708ee8a1f95b2cc235dd82defcab40f"},"description":"Revisitez les journ\u00e9es Le Off de notre showroom \u00e0 Paris et d\u00e9couvrez comment vous inscrire au prochain \u00e9v\u00e9nement !","breadcrumb":{"@id":"https:\/\/espattiobrand.com\/fr\/histoires\/foires-partenariats-et-showrooms\/exito-rotundo-en-el-evento-le-off-de-paris\/#breadcrumb"},"inLanguage":"fr-FR","potentialAction":[{"@type":"ReadAction","target":["https:\/\/espattiobrand.com\/fr\/histoires\/foires-partenariats-et-showrooms\/exito-rotundo-en-el-evento-le-off-de-paris\/"]}]},{"@type":"ImageObject","inLanguage":"fr-FR","@id":"https:\/\/espattiobrand.com\/fr\/histoires\/foires-partenariats-et-showrooms\/exito-rotundo-en-el-evento-le-off-de-paris\/#primaryimage","url":"https:\/\/espattiobrand.com\/wp-content\/uploads\/2025\/04\/216A9709-Avec-accentuation-Bruit.jpg","contentUrl":"https:\/\/espattiobrand.com\/wp-content\/uploads\/2025\/04\/216A9709-Avec-accentuation-Bruit.jpg","width":2500,"height":1667},{"@type":"BreadcrumbList","@id":"https:\/\/espattiobrand.com\/fr\/histoires\/foires-partenariats-et-showrooms\/exito-rotundo-en-el-evento-le-off-de-paris\/#breadcrumb","itemListElement":[{"@type":"ListItem","position":1,"name":"Portada","item":"https:\/\/espattiobrand.com\/fr\/"},{"@type":"ListItem","position":2,"name":"Success at Le Off event in Paris"}]},{"@type":"WebSite","@id":"https:\/\/espattiobrand.com\/fr\/#website","url":"https:\/\/espattiobrand.com\/fr\/","name":"esPattio","description":"","potentialAction":[{"@type":"SearchAction","target":{"@type":"EntryPoint","urlTemplate":"https:\/\/espattiobrand.com\/fr\/?s={search_term_string}"},"query-input":{"@type":"PropertyValueSpecification","valueRequired":true,"valueName":"search_term_string"}}],"inLanguage":"fr-FR"},{"@type":"Person","@id":"https:\/\/espattiobrand.com\/fr\/#\/schema\/person\/7708ee8a1f95b2cc235dd82defcab40f","name":"esPattio Marketing","sameAs":["https:\/\/espattiobrand.com\/"]}]}},"_links":{"self":[{"href":"https:\/\/espattiobrand.com\/fr\/wp-json\/wp\/v2\/posts\/12528","targetHints":{"allow":["GET"]}}],"collection":[{"href":"https:\/\/espattiobrand.com\/fr\/wp-json\/wp\/v2\/posts"}],"about":[{"href":"https:\/\/espattiobrand.com\/fr\/wp-json\/wp\/v2\/types\/post"}],"author":[{"embeddable":true,"href":"https:\/\/espattiobrand.com\/fr\/wp-json\/wp\/v2\/users\/2"}],"replies":[{"embeddable":true,"href":"https:\/\/espattiobrand.com\/fr\/wp-json\/wp\/v2\/comments?post=12528"}],"version-history":[{"count":4,"href":"https:\/\/espattiobrand.com\/fr\/wp-json\/wp\/v2\/posts\/12528\/revisions"}],"predecessor-version":[{"id":12959,"href":"https:\/\/espattiobrand.com\/fr\/wp-json\/wp\/v2\/posts\/12528\/revisions\/12959"}],"wp:featuredmedia":[{"embeddable":true,"href":"https:\/\/espattiobrand.com\/fr\/wp-json\/wp\/v2\/media\/12364"}],"wp:attachment":[{"href":"https:\/\/espattiobrand.com\/fr\/wp-json\/wp\/v2\/media?parent=12528"}],"wp:term":[{"taxonomy":"category","embeddable":true,"href":"https:\/\/espattiobrand.com\/fr\/wp-json\/wp\/v2\/categories?post=12528"},{"taxonomy":"post_tag","embeddable":true,"href":"https:\/\/espattiobrand.com\/fr\/wp-json\/wp\/v2\/tags?post=12528"}],"curies":[{"name":"wp","href":"https:\/\/api.w.org\/{rel}","templated":true}]}}